{"id":12711,"date":"2019-07-22T08:34:03","date_gmt":"2019-07-22T06:34:03","guid":{"rendered":"http:\/\/www.frankensicht.de\/?p=12711"},"modified":"2019-07-22T08:34:03","modified_gmt":"2019-07-22T06:34:03","slug":"altmaier-und-di-maio-eroertern-deutsch-italienische-industriezusammenarbeit","status":"publish","type":"post","link":"https:\/\/www.frankensicht.de\/?p=12711","title":{"rendered":"Altmaier und Di Maio er\u00f6rtern deutsch-italienische Industriezusammenarbeit"},"content":{"rendered":"<p><span style=\"color: #ff0000;\">Berlin:<\/span><\/p>\n<p>Minister Altmaier und Di Maio er\u00f6rtern deutsch-italienische Industriezusammenarbeit<\/p>\n<p>Bundesminister f\u00fcr Wirtschaft und Energie Peter Altmaier traf heute in Rom den italienischen<br \/>\nVizepr\u00e4sidenten und Minister f\u00fcr wirtschaftliche Entwicklung und Arbeit, Luigi Di Maio, um die<br \/>\nn\u00e4chsten Schritte in der deutsch-italienischen Industriezusammenarbeit und insbesondere zur<br \/>\nSt\u00e4rkung zentraler strategischer Wertsch\u00f6pfungsketten in Europa zu er\u00f6rtern.<br \/>\nDigitale Technologien werden viele Branchen grundlegend ver\u00e4ndern und gleichzeitig noch nie<br \/>\ndagewesene Chancen f\u00fcr die Wertsch\u00f6pfung in Fabriken und die Integration der Zulieferketten<br \/>\nschaffen. Deutschland und Italien geh\u00f6ren zu den f\u00fchrenden Industrienationen Europas und erleben<br \/>\nderzeit einen Paradigmenwechsel in der Wirtschaft, der jede Phase des Produktlebenszyklus erfasst.<br \/>\nMinister Di Maio: \u201eDeutschland, Italien und alle anderen EU-Mitgliedstaaten setzen sich f\u00fcr eine<br \/>\numfassende und zukunftsweisende europ\u00e4ische Industriestrategie ein, die auf eine Verbesserung der<br \/>\nWettbewerbsf\u00e4higkeit unserer Industrien abzielt, indem unsere wirtschaftliche und technische<br \/>\nVorreiterrolle ausgeweitet und bewahrt wird. Insbesondere gilt es, unsere Schl\u00fcsseltechnologien zu<br \/>\nst\u00e4rken. Unsere Firmen sind bereits f\u00fchrend in entscheidenden Sektoren wie der Fahrzeugelektronik,<br \/>\nder Mikro- und Nanoelektronik sowie der Laser-, Strom- und Sensortechnologie. Wir Politiker werden<br \/>\nunseren Beitrag durch die politische Unterst\u00fctzung der Unternehmen leisten, die bereit sind, in die<br \/>\nHerstellung der n\u00e4chsten Generation von Batterien zu investieren.\u201c<\/p>\n<p><a href=\"https:\/\/www.frankensicht.de\/?attachment_id=12712\" rel=\"attachment wp-att-12712\"><img loading=\"lazy\" decoding=\"async\" class=\"alignnone size-medium wp-image-12712\" src=\"https:\/\/www.frankensicht.de\/wp-content\/uploads\/2019\/07\/italien-300x200.png\" alt=\"\" width=\"300\" height=\"200\" srcset=\"https:\/\/www.frankensicht.de\/wp-content\/uploads\/2019\/07\/italien-300x200.png 300w, https:\/\/www.frankensicht.de\/wp-content\/uploads\/2019\/07\/italien-768x512.png 768w, https:\/\/www.frankensicht.de\/wp-content\/uploads\/2019\/07\/italien.png 1024w, https:\/\/www.frankensicht.de\/wp-content\/uploads\/2019\/07\/italien-220x146.png 220w\" sizes=\"auto, (max-width: 300px) 100vw, 300px\" \/><\/a><br \/>\nBundesminister Altmaier f\u00fcgte hinzu: \u201eEine umfassende und zukunftsweisende europ\u00e4ische<br \/>\nIndustriestrategie wird uns helfen, die Umw\u00e4lzungen in der globalen Wirtschaft zu bew\u00e4ltigen und<br \/>\nEuropas technologische Souver\u00e4nit\u00e4t zu bewahren. Der Aufbau einer europ\u00e4ischen<br \/>\nBatteriezellfertigung ist ein zentrales Handlungsfeld, mit dem wir Wertsch\u00f6pfungsketten und<br \/>\nArbeitspl\u00e4tze in Europa erhalten k\u00f6nnen. Der deutsche Aufruf zur Interessensbekundung hat eine<br \/>\nbetr\u00e4chtliche Resonanz erzeugt. Italien und Deutschland sind sich einig, dass eine europ\u00e4ische<br \/>\nBatteriezellfertigung f\u00fcr beide L\u00e4nder von gro\u00dfem Interesse ist.\u201c<br \/>\nDie Minister Altmaier und Di Maio sind fest entschlossen eng zusammenzuarbeiten, um das Ziel eines<br \/>\nVorhabens von gemeinsamem europ\u00e4ischen Interesse (Important Project of Common European Interest,<br \/>\nIPCEI) f\u00fcr die Fertigung innovativer Batteriezellen innerhalb der n\u00e4chsten Monate zu erreichen.<br \/>\nDeutschland und Italien unterhalten bereits zahlreiche Industriekooperationen, beispielsweise zu<br \/>\nIndustrie 4.0 und im Rahmen eines IPCEI zur Mikroelektronik. Das bilaterale Handelsvolumen<br \/>\nerreichte 2018 einen neuen Rekord von 130 Milliarden Euro.<\/p>\n<p>Quelle: bwmi.bund.de<\/p>\n","protected":false},"excerpt":{"rendered":"<p>Berlin: Minister Altmaier und Di Maio er\u00f6rtern deutsch-italienische Industriezusammenarbeit Bundesminister f\u00fcr Wirtschaft und Energie Peter Altmaier traf heute in Rom den italienischen Vizepr\u00e4sidenten und Minister f\u00fcr wirtschaftliche Entwicklung und Arbeit, Luigi Di Maio, um die n\u00e4chsten Schritte in der deutsch-italienischen Industriezusammenarbeit und insbesondere zur St\u00e4rkung zentraler strategischer Wertsch\u00f6pfungsketten in Europa zu er\u00f6rtern. Digitale Technologien werden [&hellip;]<\/p>\n","protected":false},"author":7,"featured_media":12712,"comment_status":"closed","ping_status":"open","sticky":false,"template":"","format":"standard","meta":{"footnotes":""},"categories":[44,3],"tags":[194],"class_list":["post-12711","post","type-post","status-publish","format-standard","has-post-thumbnail","hentry","category-deutschland-2","category-news","tag-italien"],"_links":{"self":[{"href":"https:\/\/www.frankensicht.de\/index.php?rest_route=\/wp\/v2\/posts\/12711","targetHints":{"allow":["GET"]}}],"collection":[{"href":"https:\/\/www.frankensicht.de\/index.php?rest_route=\/wp\/v2\/posts"}],"about":[{"href":"https:\/\/www.frankensicht.de\/index.php?rest_route=\/wp\/v2\/types\/post"}],"author":[{"embeddable":true,"href":"https:\/\/www.frankensicht.de\/index.php?rest_route=\/wp\/v2\/users\/7"}],"replies":[{"embeddable":true,"href":"https:\/\/www.frankensicht.de\/index.php?rest_route=%2Fwp%2Fv2%2Fcomments&post=12711"}],"version-history":[{"count":1,"href":"https:\/\/www.frankensicht.de\/index.php?rest_route=\/wp\/v2\/posts\/12711\/revisions"}],"predecessor-version":[{"id":12713,"href":"https:\/\/www.frankensicht.de\/index.php?rest_route=\/wp\/v2\/posts\/12711\/revisions\/12713"}],"wp:featuredmedia":[{"embeddable":true,"href":"https:\/\/www.frankensicht.de\/index.php?rest_route=\/wp\/v2\/media\/12712"}],"wp:attachment":[{"href":"https:\/\/www.frankensicht.de\/index.php?rest_route=%2Fwp%2Fv2%2Fmedia&parent=12711"}],"wp:term":[{"taxonomy":"category","embeddable":true,"href":"https:\/\/www.frankensicht.de\/index.php?rest_route=%2Fwp%2Fv2%2Fcategories&post=12711"},{"taxonomy":"post_tag","embeddable":true,"href":"https:\/\/www.frankensicht.de\/index.php?rest_route=%2Fwp%2Fv2%2Ftags&post=12711"}],"curies":[{"name":"wp","href":"https:\/\/api.w.org\/{rel}","templated":true}]}}