{"id":12706,"date":"2019-07-20T07:45:20","date_gmt":"2019-07-20T05:45:20","guid":{"rendered":"http:\/\/www.frankensicht.de\/?p=12706"},"modified":"2019-07-20T07:45:20","modified_gmt":"2019-07-20T05:45:20","slug":"aiwanger-mit-dem-programm-haben-wir-einen-nerv-getroffen-nun-gehen-wir-in-die-zweite-runde-und-erhoehen-das-antragskontingent","status":"publish","type":"post","link":"https:\/\/www.frankensicht.de\/?p=12706","title":{"rendered":"Aiwanger: &#8222;Mit dem Programm haben wir einen Nerv getroffen! Nun gehen wir in die zweite Runde und erh\u00f6hen das Antragskontingent&#8220;"},"content":{"rendered":"<p><span style=\"color: #ff0000;\">M\u00fcnchen:<\/span><\/p>\n<p>Aiwanger: &#8222;Mit dem Programm haben wir einen Nerv getroffen! Nun gehen wir in die zweite Runde und erh\u00f6hen das Antragskontingent&#8220;<\/p>\n<p>Die zweite F\u00f6rderrunde des Gastst\u00e4ttenmodernisierungsprogramms startet am 6. August 2019. Bayerns Wirtschaftsminister Hubert Aiwanger zur hohen Nachfrage nach den F\u00f6rdermitteln: &amp;bdquo;Bereits nach wenigen Stunden war unser erstes Kontingent ausgesch\u00f6pft, in einigen Regierungsbezirken sogar nach einer halben Stunde. Der gro\u00dfe Ansturm zeigt, dass wir einen Nerv getroffen haben. In der zweiten Runde legen wir noch eins drauf und erh\u00f6hen das Kontingent auf 200 Antr\u00e4ge.&amp;ldquo; In der ersten Runde wurden \u00fcber ganz Bayern verteilt insgesamt 125 Antr\u00e4ge gestellt, mit einem Volumen von rund 8,7 Millionen Euro.<\/p>\n<p><a href=\"https:\/\/www.frankensicht.de\/?attachment_id=8182\" rel=\"attachment wp-att-8182\"><img loading=\"lazy\" decoding=\"async\" class=\"alignnone size-medium wp-image-8182\" src=\"https:\/\/www.frankensicht.de\/wp-content\/uploads\/2015\/02\/bamberg10-300x225.jpg\" alt=\"\" width=\"300\" height=\"225\" srcset=\"https:\/\/www.frankensicht.de\/wp-content\/uploads\/2015\/02\/bamberg10-300x225.jpg 300w, https:\/\/www.frankensicht.de\/wp-content\/uploads\/2015\/02\/bamberg10.jpg 640w\" sizes=\"auto, (max-width: 300px) 100vw, 300px\" \/><\/a><\/p>\n<p>Aiwanger sieht in der hohen Resonanz die Best\u00e4tigung, dass sich bei den Gastst\u00e4tten ein hoher Investitionsbedarf angestaut habe: &amp;bdquo;Gastwirte wollen investieren. Durch eine F\u00f6rderung haben sie nun die notwendige R\u00fcckendeckung, um wichtige Modernisierungen voranzubringen. Das Gastst\u00e4ttenmodernisierungsprogramm l\u00f6st hohe Investitionen aus, was der heimischen Wirtshauskultur und damit auch dem Tourismusstandort Bayern zugutekommt.&amp;ldquo;<\/p>\n<p>Das Antragsverfahren wurde verbessert: Antragssteller k\u00f6nnen ihre F\u00f6rdersumme nun f\u00fcr 90 Minuten reservieren. Interessenten finden aktuelle Informationen auf der Internetseite des bayerischen Wirtschaftsministeriums (https:\/\/www.stmwi.bayern.de\/service\/foerderprogramme\/modernisierung-von-gaststaetten-in-bayern\/). Dort k\u00f6nnen sich Gastronomen, aber auch Verp\u00e4chter rechtzeitig \u00fcber F\u00f6rderung, Antragsverfahren und Aktuelles informieren.<\/p>\n<p>Quelle: stmwi.bayern.de<\/p>\n","protected":false},"excerpt":{"rendered":"<p>M\u00fcnchen: Aiwanger: &#8222;Mit dem Programm haben wir einen Nerv getroffen! Nun gehen wir in die zweite Runde und erh\u00f6hen das Antragskontingent&#8220; Die zweite F\u00f6rderrunde des Gastst\u00e4ttenmodernisierungsprogramms startet am 6. August 2019. Bayerns Wirtschaftsminister Hubert Aiwanger zur hohen Nachfrage nach den F\u00f6rdermitteln: &amp;bdquo;Bereits nach wenigen Stunden war unser erstes Kontingent ausgesch\u00f6pft, in einigen Regierungsbezirken sogar nach [&hellip;]<\/p>\n","protected":false},"author":7,"featured_media":6264,"comment_status":"closed","ping_status":"open","sticky":false,"template":"","format":"standard","meta":{"footnotes":""},"categories":[78,71],"tags":[2893],"class_list":["post-12706","post","type-post","status-publish","format-standard","has-post-thumbnail","hentry","category-bayern","category-menue","tag-gaststaettenmodernisierungsprogramm"],"_links":{"self":[{"href":"https:\/\/www.frankensicht.de\/index.php?rest_route=\/wp\/v2\/posts\/12706","targetHints":{"allow":["GET"]}}],"collection":[{"href":"https:\/\/www.frankensicht.de\/index.php?rest_route=\/wp\/v2\/posts"}],"about":[{"href":"https:\/\/www.frankensicht.de\/index.php?rest_route=\/wp\/v2\/types\/post"}],"author":[{"embeddable":true,"href":"https:\/\/www.frankensicht.de\/index.php?rest_route=\/wp\/v2\/users\/7"}],"replies":[{"embeddable":true,"href":"https:\/\/www.frankensicht.de\/index.php?rest_route=%2Fwp%2Fv2%2Fcomments&post=12706"}],"version-history":[{"count":4,"href":"https:\/\/www.frankensicht.de\/index.php?rest_route=\/wp\/v2\/posts\/12706\/revisions"}],"predecessor-version":[{"id":12710,"href":"https:\/\/www.frankensicht.de\/index.php?rest_route=\/wp\/v2\/posts\/12706\/revisions\/12710"}],"wp:featuredmedia":[{"embeddable":true,"href":"https:\/\/www.frankensicht.de\/index.php?rest_route=\/wp\/v2\/media\/6264"}],"wp:attachment":[{"href":"https:\/\/www.frankensicht.de\/index.php?rest_route=%2Fwp%2Fv2%2Fmedia&parent=12706"}],"wp:term":[{"taxonomy":"category","embeddable":true,"href":"https:\/\/www.frankensicht.de\/index.php?rest_route=%2Fwp%2Fv2%2Fcategories&post=12706"},{"taxonomy":"post_tag","embeddable":true,"href":"https:\/\/www.frankensicht.de\/index.php?rest_route=%2Fwp%2Fv2%2Ftags&post=12706"}],"curies":[{"name":"wp","href":"https:\/\/api.w.org\/{rel}","templated":true}]}}