{"id":12684,"date":"2019-07-15T08:11:56","date_gmt":"2019-07-15T06:11:56","guid":{"rendered":"http:\/\/www.frankensicht.de\/?p=12684"},"modified":"2019-07-15T08:11:56","modified_gmt":"2019-07-15T06:11:56","slug":"kloeckner-tiertransporte-bei-zu-hohen-temperaturen-muessen-konsequent-abgelehnt-werden","status":"publish","type":"post","link":"https:\/\/www.frankensicht.de\/?p=12684","title":{"rendered":"Kl\u00f6ckner: Tiertransporte bei zu hohen Temperaturen m\u00fcssen konsequent abgelehnt werden"},"content":{"rendered":"<p><span style=\"color: #ff0000;\">Berlin:<\/span><\/p>\n<p>Kl\u00f6ckner: Tiertransporte bei zu hohen Temperaturen m\u00fcssen konsequent abgelehnt werden<\/p>\n<p>Thema ist auf der Tagesordnung des EU-Agrarrats \u2013 Bundesministerin fordert einheitliche Anwendung der EU-Tierschutztransportverordnung ein<\/p>\n<p>Am morgigen Montag nimmt die Bundesministerin f\u00fcr Ern\u00e4hrung und Landwirtschaft, Julia Kl\u00f6ckner, in Br\u00fcssel an der Tagung des europ\u00e4ischen Agrarrats teil. Ein wichtiger Punkt auf der Tagesordnung ist der Schutz von Tieren beim Transport bei hohen Temperaturen in den Sommermonaten.<\/p>\n<p><a href=\"https:\/\/www.frankensicht.de\/?attachment_id=12572\" rel=\"attachment wp-att-12572\"><img loading=\"lazy\" decoding=\"async\" class=\"alignnone size-medium wp-image-12572\" src=\"https:\/\/www.frankensicht.de\/wp-content\/uploads\/2019\/05\/kuh-300x225.jpg\" alt=\"\" width=\"300\" height=\"225\" srcset=\"https:\/\/www.frankensicht.de\/wp-content\/uploads\/2019\/05\/kuh-300x225.jpg 300w, https:\/\/www.frankensicht.de\/wp-content\/uploads\/2019\/05\/kuh-768x576.jpg 768w, https:\/\/www.frankensicht.de\/wp-content\/uploads\/2019\/05\/kuh-1024x768.jpg 1024w, https:\/\/www.frankensicht.de\/wp-content\/uploads\/2019\/05\/kuh.jpg 1600w\" sizes=\"auto, (max-width: 300px) 100vw, 300px\" \/><\/a><\/p>\n<p>Dazu Julia Kl\u00f6ckner: \u201eTiertransporte im Hochsommer bei \u00fcber 30 Grad sind rechtlich untersagt. Und das v\u00f6llig zurecht! Es darf dann keine Genehmigung geben \u2013 die Bundesl\u00e4nder sind f\u00fcr die Genehmigungen und Ablehnungen zust\u00e4ndig, auch f\u00fcr die Einhaltung der Bestimmungen. Doch leider, das zeigt eine \u00dcberpr\u00fcfung meines Ministeriums, gab es in den Sommermonaten 2017 und 2018 auch in Deutschland Abfertigungen bei zu hohen Temperaturen.<\/p>\n<p>Mit den betroffenen L\u00e4ndern sind wir dazu im Austausch. Meine klare Erwartung ist, dass die Vorgaben der EU-Tierschutztransportverordnung einheitlich und konsequent durchgesetzt werden. Alle Beteiligten haben wir aufgefordert, ihren tierschutzrechtlichen Verpflichtungen nachzukommen. Wichtig ist hier auch die enge Zusammenarbeit mit den anderen EU-Mitgliedsstaaten. Auch f\u00fcr dieses Jahr werde ich mir nach Ablauf des Sommers die Daten vorlegen lassen. Solche Verst\u00f6\u00dfe wie in den vergangenen Jahren k\u00f6nnen wir nicht dulden. Wenn es zu hei\u00df ist, gilt ganz klar: kein Transport, das verst\u00f6\u00dft sonst eindeutig gegen das Tierwohl. Wir k\u00f6nnen und werden auch im Nachhinein die Temperaturangaben an den Verladeorten \u00fcberpr\u00fcfen und abgleichen, das k\u00fcndige ich heute schon an. Und ich werde die benennen, die sich nicht an die klaren Regelungen halten.\u201c<\/p>\n<p>Die Auswertung der genehmigten Transporte aus Deutschland \u00fcber die bulgarisch-t\u00fcrkische Grenze im Juli\/August 2017 und 2018 sowie die Auswertung in Bezug auf die Temperaturen im Bestimmungsland haben ergeben: Von den insgesamt 210 Transporten waren 26 bei Temperaturen bei 30 Grad Celsius oder darunter durchgef\u00fchrt worden. 184 bei Temperaturen von \u00fcber 30 Grad Celsius. Bei 35 der Transporte lag die maximale Temperatur am Tag der Abfertigung durch die lokale Beh\u00f6rde unter 30 Grad Celsius.<\/p>\n<p>Quelle: bmel.bund.de<\/p>\n","protected":false},"excerpt":{"rendered":"<p>Berlin: Kl\u00f6ckner: Tiertransporte bei zu hohen Temperaturen m\u00fcssen konsequent abgelehnt werden Thema ist auf der Tagesordnung des EU-Agrarrats \u2013 Bundesministerin fordert einheitliche Anwendung der EU-Tierschutztransportverordnung ein Am morgigen Montag nimmt die Bundesministerin f\u00fcr Ern\u00e4hrung und Landwirtschaft, Julia Kl\u00f6ckner, in Br\u00fcssel an der Tagung des europ\u00e4ischen Agrarrats teil. Ein wichtiger Punkt auf der Tagesordnung ist der [&hellip;]<\/p>\n","protected":false},"author":7,"featured_media":12572,"comment_status":"closed","ping_status":"open","sticky":false,"template":"","format":"standard","meta":{"footnotes":""},"categories":[44,3],"tags":[2887],"class_list":["post-12684","post","type-post","status-publish","format-standard","has-post-thumbnail","hentry","category-deutschland-2","category-news","tag-tiertransporte"],"_links":{"self":[{"href":"https:\/\/www.frankensicht.de\/index.php?rest_route=\/wp\/v2\/posts\/12684","targetHints":{"allow":["GET"]}}],"collection":[{"href":"https:\/\/www.frankensicht.de\/index.php?rest_route=\/wp\/v2\/posts"}],"about":[{"href":"https:\/\/www.frankensicht.de\/index.php?rest_route=\/wp\/v2\/types\/post"}],"author":[{"embeddable":true,"href":"https:\/\/www.frankensicht.de\/index.php?rest_route=\/wp\/v2\/users\/7"}],"replies":[{"embeddable":true,"href":"https:\/\/www.frankensicht.de\/index.php?rest_route=%2Fwp%2Fv2%2Fcomments&post=12684"}],"version-history":[{"count":1,"href":"https:\/\/www.frankensicht.de\/index.php?rest_route=\/wp\/v2\/posts\/12684\/revisions"}],"predecessor-version":[{"id":12685,"href":"https:\/\/www.frankensicht.de\/index.php?rest_route=\/wp\/v2\/posts\/12684\/revisions\/12685"}],"wp:featuredmedia":[{"embeddable":true,"href":"https:\/\/www.frankensicht.de\/index.php?rest_route=\/wp\/v2\/media\/12572"}],"wp:attachment":[{"href":"https:\/\/www.frankensicht.de\/index.php?rest_route=%2Fwp%2Fv2%2Fmedia&parent=12684"}],"wp:term":[{"taxonomy":"category","embeddable":true,"href":"https:\/\/www.frankensicht.de\/index.php?rest_route=%2Fwp%2Fv2%2Fcategories&post=12684"},{"taxonomy":"post_tag","embeddable":true,"href":"https:\/\/www.frankensicht.de\/index.php?rest_route=%2Fwp%2Fv2%2Ftags&post=12684"}],"curies":[{"name":"wp","href":"https:\/\/api.w.org\/{rel}","templated":true}]}}