{"id":12677,"date":"2019-07-14T08:02:20","date_gmt":"2019-07-14T06:02:20","guid":{"rendered":"http:\/\/www.frankensicht.de\/?p=12677"},"modified":"2019-07-14T08:02:20","modified_gmt":"2019-07-14T06:02:20","slug":"menschenrechtsbeauftragte-kofler-zum-mord-an-der-honduranischen-lgbti-aktivistin-bessy-ferrera","status":"publish","type":"post","link":"https:\/\/www.frankensicht.de\/?p=12677","title":{"rendered":"Menschenrechtsbeauftragte Kofler zum Mord an der honduranischen LGBTI-Aktivistin Bessy Ferrera"},"content":{"rendered":"<p><span style=\"color: #ff0000;\">Berlin:<\/span><\/p>\n<p>Menschenrechtsbeauftragte Kofler zum Mord an der honduranischen LGBTI-Aktivistin Bessy Ferrera<\/p>\n<p>Zum Mord an der honduranischen LGBTI-Aktivistin Bessy Ferrera sagte die Beauftragte der Bundesregierung f\u00fcr Menschenrechtspolitik und humanit\u00e4re Hilfe im Ausw\u00e4rtigen Amt, B\u00e4rbel Kofler, heute (11.07.):<br \/>\n&#8222;Mit Best\u00fcrzung habe ich vernommen, dass die honduranische LGBTI-Aktivistin Bessy Ferrera in der Nacht vom 7. auf den 8. Juli 2019 in Comayag\u00fcela ermordet worden ist. Bessy Ferrera war stellvertretende Leiterin der Trans Frauengruppe der Asociaci\u00f3n Arco\u00edris de Honduras, deren Arbeit in der Vergangenheit auch mit Unterst\u00fctzung des Ausw\u00e4rtigen Amts von deutschen Partnerorganisationen mitbegleitet wurde. Ich fordere die honduranischen Strafverfolgungsbeh\u00f6rden dazu auf, die Tat schnellstm\u00f6glich und vollst\u00e4ndig aufzukl\u00e4ren und die T\u00e4ter zu bestrafen. Die Tat wiegt umso schwerer, als Frau Ferrera bereits in der Vergangenheit Ziel von Attentaten war. Mit der Forderung nach einer Aufkl\u00e4rung der Tat und der Bestrafung der T\u00e4ter verbinde ich daher die nachdr\u00fcckliche Bitte an die Regierung nach einem generell besseren Schutz f\u00fcr Menschenrechtsaktivistinnen und \u2013aktivisten, insbesondere LGBTI- sowie weiteren schutzbed\u00fcrftigen Personen in Honduras.&#8220;<br \/>\n<a href=\"https:\/\/www.frankensicht.de\/?attachment_id=1235\" rel=\"attachment wp-att-1235\"><img loading=\"lazy\" decoding=\"async\" class=\"alignnone size-full wp-image-1235\" src=\"https:\/\/www.frankensicht.de\/wp-content\/uploads\/2012\/05\/stop.png\" alt=\"\" width=\"274\" height=\"258\" \/><\/a><br \/>\nHintergrund:<br \/>\nImmer wieder kommt es in Honduras zu Gewalttaten gegen Journalisten und Menschenrechtsaktivisten. Betroffen sind nicht nur, aber auch Vertreter gesellschaftlicher Minderheiten. In Honduras wurden 2019 bereits elf Mitglieder der LGBTI-Gemeinde ermordet.<\/p>\n<p>Quelle: auswaertiges-amt.de<\/p>\n<p>&nbsp;<\/p>\n","protected":false},"excerpt":{"rendered":"<p>Berlin: Menschenrechtsbeauftragte Kofler zum Mord an der honduranischen LGBTI-Aktivistin Bessy Ferrera Zum Mord an der honduranischen LGBTI-Aktivistin Bessy Ferrera sagte die Beauftragte der Bundesregierung f\u00fcr Menschenrechtspolitik und humanit\u00e4re Hilfe im Ausw\u00e4rtigen Amt, B\u00e4rbel Kofler, heute (11.07.): &#8222;Mit Best\u00fcrzung habe ich vernommen, dass die honduranische LGBTI-Aktivistin Bessy Ferrera in der Nacht vom 7. auf den 8. [&hellip;]<\/p>\n","protected":false},"author":7,"featured_media":1235,"comment_status":"closed","ping_status":"open","sticky":false,"template":"","format":"standard","meta":{"footnotes":""},"categories":[44,3,30],"tags":[2884],"class_list":["post-12677","post","type-post","status-publish","format-standard","has-post-thumbnail","hentry","category-deutschland-2","category-news","category-welt","tag-bessy-ferrera"],"_links":{"self":[{"href":"https:\/\/www.frankensicht.de\/index.php?rest_route=\/wp\/v2\/posts\/12677","targetHints":{"allow":["GET"]}}],"collection":[{"href":"https:\/\/www.frankensicht.de\/index.php?rest_route=\/wp\/v2\/posts"}],"about":[{"href":"https:\/\/www.frankensicht.de\/index.php?rest_route=\/wp\/v2\/types\/post"}],"author":[{"embeddable":true,"href":"https:\/\/www.frankensicht.de\/index.php?rest_route=\/wp\/v2\/users\/7"}],"replies":[{"embeddable":true,"href":"https:\/\/www.frankensicht.de\/index.php?rest_route=%2Fwp%2Fv2%2Fcomments&post=12677"}],"version-history":[{"count":1,"href":"https:\/\/www.frankensicht.de\/index.php?rest_route=\/wp\/v2\/posts\/12677\/revisions"}],"predecessor-version":[{"id":12678,"href":"https:\/\/www.frankensicht.de\/index.php?rest_route=\/wp\/v2\/posts\/12677\/revisions\/12678"}],"wp:featuredmedia":[{"embeddable":true,"href":"https:\/\/www.frankensicht.de\/index.php?rest_route=\/wp\/v2\/media\/1235"}],"wp:attachment":[{"href":"https:\/\/www.frankensicht.de\/index.php?rest_route=%2Fwp%2Fv2%2Fmedia&parent=12677"}],"wp:term":[{"taxonomy":"category","embeddable":true,"href":"https:\/\/www.frankensicht.de\/index.php?rest_route=%2Fwp%2Fv2%2Fcategories&post=12677"},{"taxonomy":"post_tag","embeddable":true,"href":"https:\/\/www.frankensicht.de\/index.php?rest_route=%2Fwp%2Fv2%2Ftags&post=12677"}],"curies":[{"name":"wp","href":"https:\/\/api.w.org\/{rel}","templated":true}]}}