{"id":12675,"date":"2019-07-11T07:54:52","date_gmt":"2019-07-11T05:54:52","guid":{"rendered":"http:\/\/www.frankensicht.de\/?p=12675"},"modified":"2019-07-11T07:54:52","modified_gmt":"2019-07-11T05:54:52","slug":"wichtige-stuetze-fuer-erfolgreiches-arbeiten-und-gutes-miteinander-an-den-bayerischen-schulen","status":"publish","type":"post","link":"https:\/\/www.frankensicht.de\/?p=12675","title":{"rendered":"Wichtige St\u00fctze f\u00fcr erfolgreiches Arbeiten und gutes Miteinander an den bayerischen Schulen"},"content":{"rendered":"<p><span style=\"color: #ff0000;\">Eckersdorf &#8211; M\u00fcnchen:<\/span><\/p>\n<p>&#8222;Wichtige St\u00fctze f\u00fcr erfolgreiches Arbeiten und gutes Miteinander an den bayerischen Schulen&#8220; &#8211; Amtschef Herbert P\u00fcls bei Bayerischem Schulleitungsverband (bsv) in Oberfranken<\/p>\n<p>Im Rahmen eines \u201eSchulpolitischen Nachmittags\u201c im oberfr\u00e4nkischen Eckersdorf behandelten die Mitglieder des regionalen Bayerischen Schulleitungsverbandes (bsv) aktuelle bildungspolitische Themen im Gespr\u00e4ch mit Amtschef Herbert P\u00fcls vom Bayerischen Kultusministerium. P\u00fcls bedankte sich f\u00fcr den fachlichen Austausch und die verl\u00e4ssliche Zusammenarbeit mit dem Verband, mit dem man \u201egemeinsam f\u00fcr das qualit\u00e4tsvolle bayerische Schulwesen arbeite\u201c. Dabei habe der Verband besonders die Anliegen der bayerischen Grund-, Mittel- und F\u00f6rderschulen im Blick.<\/p>\n<p><a href=\"https:\/\/www.frankensicht.de\/?attachment_id=2831\" rel=\"attachment wp-att-2831\"><img loading=\"lazy\" decoding=\"async\" class=\"alignnone size-medium wp-image-2831\" src=\"https:\/\/www.frankensicht.de\/wp-content\/uploads\/2012\/06\/schule-300x187.jpg\" alt=\"\" width=\"300\" height=\"187\" srcset=\"https:\/\/www.frankensicht.de\/wp-content\/uploads\/2012\/06\/schule-300x187.jpg 300w, https:\/\/www.frankensicht.de\/wp-content\/uploads\/2012\/06\/schule.jpg 640w\" sizes=\"auto, (max-width: 300px) 100vw, 300px\" \/><\/a><\/p>\n<p>Zudem betonte der Amtschef: \u201eDie Schulleiterinnen und Schulleiter sind eine wichtige St\u00fctze f\u00fcr ein erfolgreiches Arbeiten und ein gutes Miteinander an den bayerischen Schulen. Gemeinsam mit den Lehrkr\u00e4ften und den Verwaltungsangestellten leisten sie tagt\u00e4glich herausragende Arbeit zum Wohl unserer jungen Menschen im Freistaat. Daf\u00fcr ein herzliches Dankesch\u00f6n!\u201c Der Freistaat unterst\u00fctzt die Schulen bei ihrer verantwortungsvollen Aufgabe \u2013 u. a. mit 850 zus\u00e4tzlichen Lehrerstellen allein in diesem Jahr sowie mit 500 zus\u00e4tzlichen Stellen f\u00fcr Schulpsychologen und Schulsozialarbeiter. Die Schulleitungen wurden im Rahmen des Bildungspakets zum Schuljahr 2018\/2019 durch mehr Leitungszeit und schulart\u00fcbergreifend zus\u00e4tzliche 150 Stellen f\u00fcr Verwaltungskr\u00e4fte entlastet, wie P\u00fcls erkl\u00e4rte.<\/p>\n<p>Der Bayerische Schulleitungsverband (bsv) vertritt seit seiner Gr\u00fcndung vor rund 30 Jahren die Interessen von Schulleitungen und Verwaltungsangestellten der Grund-, Mittel- und F\u00f6rderschulen im Freistaat.<\/p>\n<p>Quelle: stmuk.bayern.de<\/p>\n","protected":false},"excerpt":{"rendered":"<p>Eckersdorf &#8211; M\u00fcnchen: &#8222;Wichtige St\u00fctze f\u00fcr erfolgreiches Arbeiten und gutes Miteinander an den bayerischen Schulen&#8220; &#8211; Amtschef Herbert P\u00fcls bei Bayerischem Schulleitungsverband (bsv) in Oberfranken Im Rahmen eines \u201eSchulpolitischen Nachmittags\u201c im oberfr\u00e4nkischen Eckersdorf behandelten die Mitglieder des regionalen Bayerischen Schulleitungsverbandes (bsv) aktuelle bildungspolitische Themen im Gespr\u00e4ch mit Amtschef Herbert P\u00fcls vom Bayerischen Kultusministerium. P\u00fcls bedankte [&hellip;]<\/p>\n","protected":false},"author":7,"featured_media":2831,"comment_status":"closed","ping_status":"open","sticky":false,"template":"","format":"standard","meta":{"footnotes":""},"categories":[78,71,83],"tags":[2883],"class_list":["post-12675","post","type-post","status-publish","format-standard","has-post-thumbnail","hentry","category-bayern","category-menue","category-oberfranken","tag-schulpolitik"],"_links":{"self":[{"href":"https:\/\/www.frankensicht.de\/index.php?rest_route=\/wp\/v2\/posts\/12675","targetHints":{"allow":["GET"]}}],"collection":[{"href":"https:\/\/www.frankensicht.de\/index.php?rest_route=\/wp\/v2\/posts"}],"about":[{"href":"https:\/\/www.frankensicht.de\/index.php?rest_route=\/wp\/v2\/types\/post"}],"author":[{"embeddable":true,"href":"https:\/\/www.frankensicht.de\/index.php?rest_route=\/wp\/v2\/users\/7"}],"replies":[{"embeddable":true,"href":"https:\/\/www.frankensicht.de\/index.php?rest_route=%2Fwp%2Fv2%2Fcomments&post=12675"}],"version-history":[{"count":1,"href":"https:\/\/www.frankensicht.de\/index.php?rest_route=\/wp\/v2\/posts\/12675\/revisions"}],"predecessor-version":[{"id":12676,"href":"https:\/\/www.frankensicht.de\/index.php?rest_route=\/wp\/v2\/posts\/12675\/revisions\/12676"}],"wp:featuredmedia":[{"embeddable":true,"href":"https:\/\/www.frankensicht.de\/index.php?rest_route=\/wp\/v2\/media\/2831"}],"wp:attachment":[{"href":"https:\/\/www.frankensicht.de\/index.php?rest_route=%2Fwp%2Fv2%2Fmedia&parent=12675"}],"wp:term":[{"taxonomy":"category","embeddable":true,"href":"https:\/\/www.frankensicht.de\/index.php?rest_route=%2Fwp%2Fv2%2Fcategories&post=12675"},{"taxonomy":"post_tag","embeddable":true,"href":"https:\/\/www.frankensicht.de\/index.php?rest_route=%2Fwp%2Fv2%2Ftags&post=12675"}],"curies":[{"name":"wp","href":"https:\/\/api.w.org\/{rel}","templated":true}]}}