{"id":12665,"date":"2019-07-04T08:04:14","date_gmt":"2019-07-04T06:04:14","guid":{"rendered":"http:\/\/www.frankensicht.de\/?p=12665"},"modified":"2019-07-04T08:04:14","modified_gmt":"2019-07-04T06:04:14","slug":"der-oekologische-landbau-gewinnt-an-bedeutung","status":"publish","type":"post","link":"https:\/\/www.frankensicht.de\/?p=12665","title":{"rendered":"Der \u00f6kologische Landbau gewinnt an Bedeutung"},"content":{"rendered":"<p><span style=\"color: #ff0000;\">Berlin:<\/span><\/p>\n<p>St\u00fcbgen: Der \u00f6kologische Landbau gewinnt an Bedeutung<br \/>\nParlamentarischer Staatssekret\u00e4r Michael St\u00fcbgen besucht \u00d6ko-Feldtage 2019<\/p>\n<p>Der Parlamentarische Staatssekret\u00e4r bei der Bundesministerin f\u00fcr Ern\u00e4hrung und Landwirtschaft, Michael St\u00fcbgen, besucht am 4. Juli 2019 die diesj\u00e4hrigen \u00d6ko-Feldtage auf der Hessischen Staatsdom\u00e4ne Frankenhausen in Grebenstein. &#8222;Die aktuell ver\u00f6ffentlichten Strukturdaten des Bundesministeriums f\u00fcr Ern\u00e4hrung und Landwirtschaft zeigen, wie schnell der \u00f6kologische Landbau in Deutschland an Bedeutung gewinnt. Umso mehr freue ich mich, dass wir mit dem Bundesprogramm \u00d6kologischer Landbau und andere Formen nachhaltiger Landwirtschaft (B\u00d6LN) \u00fcber ein Instrument verf\u00fcgen, das den \u00d6kolandbau im Bereich der Forschung und Information seit vielen Jahren professionell unterst\u00fctzt und f\u00f6rdert&#8220;, sagte Michael St\u00fcbgen vor seinem Besuch. &#8222;Deshalb ist es f\u00fcr unser Ministerium selbstverst\u00e4ndlich, dass sich das B\u00d6LN ebenso wie die damit eng verbundene Eiwei\u00dfpflanzenstrategie (EPS) auch auf den diesj\u00e4hrigen \u00d6ko-Feldtagen pr\u00e4sentieren.&#8220;<\/p>\n<p><a href=\"https:\/\/www.frankensicht.de\/?attachment_id=12359\" rel=\"attachment wp-att-12359\"><img loading=\"lazy\" decoding=\"async\" class=\"alignnone size-medium wp-image-12359\" src=\"https:\/\/www.frankensicht.de\/wp-content\/uploads\/2019\/03\/getreide-300x225.jpg\" alt=\"\" width=\"300\" height=\"225\" srcset=\"https:\/\/www.frankensicht.de\/wp-content\/uploads\/2019\/03\/getreide-300x225.jpg 300w, https:\/\/www.frankensicht.de\/wp-content\/uploads\/2019\/03\/getreide.jpg 640w\" sizes=\"auto, (max-width: 300px) 100vw, 300px\" \/><\/a><\/p>\n<p>Bei einem Rundgang \u00fcber das Ausstellungsgel\u00e4nde wird sich Michael St\u00fcbgen \u00fcber die zentralen Themen und den Verlauf der diesj\u00e4hrigen \u00d6ko-Feldtage informieren. Zudem wird er das Zelt des B\u00d6LN und der EPS besuchen und einige der dort pr\u00e4sentierten Forschungs- und Entwicklungsvorhaben, wie die Demonstrations-Netzwerke Leguminosen oder ein Forschungsprojekt des Julius K\u00fchn-Instituts zur Neuerstellung einer Bestimmungshilfe f\u00fcr Schadorganismen anhand von Schadbildern (Pflanzendoktor) kennenlernen.<\/p>\n<p>Hintergrund:<br \/>\nAm 3. und 4. Juli 2019 finden zum zweiten Mal die \u00d6ko-Feldtage auf der Hessischen Staatsdom\u00e4ne Frankenhausen, dem nach \u00f6kologischen Richtlinien bewirtschafteten Lehr- und Versuchsbetrieb der Universit\u00e4t Kassel, statt. Die \u00d6ko-Feldtage, die sich zum Ziel gesetzt haben, den Wissenstransfer zwischen Praxis und Forschung im \u00d6kolandbau und in der Tierhaltung zu f\u00f6rdern, j\u00fcngste Innovationen zu pr\u00e4sentieren und aktuelle The\u00admen mit Landwirten sowie Vertretern aus Politik und Wirtschaft zu diskutieren, fanden erstmals im Jahr 2017 statt und waren mit rund 280 Ausstellern und etwa 8.000 Besuchern sehr erfolgreich.<\/p>\n<p>Quelle: bmel.bund.de<\/p>\n","protected":false},"excerpt":{"rendered":"<p>Berlin: St\u00fcbgen: Der \u00f6kologische Landbau gewinnt an Bedeutung Parlamentarischer Staatssekret\u00e4r Michael St\u00fcbgen besucht \u00d6ko-Feldtage 2019 Der Parlamentarische Staatssekret\u00e4r bei der Bundesministerin f\u00fcr Ern\u00e4hrung und Landwirtschaft, Michael St\u00fcbgen, besucht am 4. Juli 2019 die diesj\u00e4hrigen \u00d6ko-Feldtage auf der Hessischen Staatsdom\u00e4ne Frankenhausen in Grebenstein. &#8222;Die aktuell ver\u00f6ffentlichten Strukturdaten des Bundesministeriums f\u00fcr Ern\u00e4hrung und Landwirtschaft zeigen, wie schnell [&hellip;]<\/p>\n","protected":false},"author":7,"featured_media":12359,"comment_status":"closed","ping_status":"open","sticky":false,"template":"","format":"standard","meta":{"footnotes":""},"categories":[44,3],"tags":[2878],"class_list":["post-12665","post","type-post","status-publish","format-standard","has-post-thumbnail","hentry","category-deutschland-2","category-news","tag-oeko-feldtage"],"_links":{"self":[{"href":"https:\/\/www.frankensicht.de\/index.php?rest_route=\/wp\/v2\/posts\/12665","targetHints":{"allow":["GET"]}}],"collection":[{"href":"https:\/\/www.frankensicht.de\/index.php?rest_route=\/wp\/v2\/posts"}],"about":[{"href":"https:\/\/www.frankensicht.de\/index.php?rest_route=\/wp\/v2\/types\/post"}],"author":[{"embeddable":true,"href":"https:\/\/www.frankensicht.de\/index.php?rest_route=\/wp\/v2\/users\/7"}],"replies":[{"embeddable":true,"href":"https:\/\/www.frankensicht.de\/index.php?rest_route=%2Fwp%2Fv2%2Fcomments&post=12665"}],"version-history":[{"count":1,"href":"https:\/\/www.frankensicht.de\/index.php?rest_route=\/wp\/v2\/posts\/12665\/revisions"}],"predecessor-version":[{"id":12666,"href":"https:\/\/www.frankensicht.de\/index.php?rest_route=\/wp\/v2\/posts\/12665\/revisions\/12666"}],"wp:featuredmedia":[{"embeddable":true,"href":"https:\/\/www.frankensicht.de\/index.php?rest_route=\/wp\/v2\/media\/12359"}],"wp:attachment":[{"href":"https:\/\/www.frankensicht.de\/index.php?rest_route=%2Fwp%2Fv2%2Fmedia&parent=12665"}],"wp:term":[{"taxonomy":"category","embeddable":true,"href":"https:\/\/www.frankensicht.de\/index.php?rest_route=%2Fwp%2Fv2%2Fcategories&post=12665"},{"taxonomy":"post_tag","embeddable":true,"href":"https:\/\/www.frankensicht.de\/index.php?rest_route=%2Fwp%2Fv2%2Ftags&post=12665"}],"curies":[{"name":"wp","href":"https:\/\/api.w.org\/{rel}","templated":true}]}}