{"id":12654,"date":"2019-07-01T07:31:17","date_gmt":"2019-07-01T05:31:17","guid":{"rendered":"http:\/\/www.frankensicht.de\/?p=12654"},"modified":"2019-07-01T07:31:17","modified_gmt":"2019-07-01T05:31:17","slug":"auswaertiges-amt-zur-rueckgabe-des-gemaeldes-vaso-di-fiori","status":"publish","type":"post","link":"https:\/\/www.frankensicht.de\/?p=12654","title":{"rendered":"Ausw\u00e4rtiges Amt zur R\u00fcckgabe des Gem\u00e4ldes Vaso di Fiori"},"content":{"rendered":"<p><span style=\"color: #ff0000;\">Berlin &#8211; Florenz:<\/span><\/p>\n<p>Ausw\u00e4rtiges Amt zur R\u00fcckgabe des Gem\u00e4ldes Vaso di Fiori<\/p>\n<p>Das Gem\u00e4lde \u201cVaso di Fiori\u201d (\u201cBlumenvase\u201d) des holl\u00e4ndischen Malers Jan van Huysum wird an die Gem\u00e4ldegalerie des Palazzo Pitti in Florenz zur\u00fcckgegeben. Au\u00dfenminister Heiko Maas und sein italienischer Amtskollege Enzo Moavero werden aus diesem Anlass nach Florenz reisen.<\/p>\n<p><a href=\"https:\/\/www.frankensicht.de\/?attachment_id=10697\" rel=\"attachment wp-att-10697\"><img loading=\"lazy\" decoding=\"async\" class=\"alignnone size-medium wp-image-10697\" src=\"https:\/\/www.frankensicht.de\/wp-content\/uploads\/2017\/05\/essen-300x225.jpg\" alt=\"\" width=\"300\" height=\"225\" srcset=\"https:\/\/www.frankensicht.de\/wp-content\/uploads\/2017\/05\/essen-300x225.jpg 300w, https:\/\/www.frankensicht.de\/wp-content\/uploads\/2017\/05\/essen.jpg 640w\" sizes=\"auto, (max-width: 300px) 100vw, 300px\" \/><\/a><\/p>\n<p>Das Bild war w\u00e4hrend der deutschen Besatzungszeit im Zweiten Weltkrieg aus dem florentiner Museum entwendet worden und befand sich seither in Deutschland. F\u00fcr die R\u00fcckgabe des Bildes hatte sich Eike Schmidt, der Direktor der Uffizien, zu denen der Palazzo Pitti geh\u00f6rt, seit Januar diesen Jahres \u00f6ffentlich eingesetzt.<\/p>\n<p>Durch die enge und vertrauensvolle Zusammenarbeit zwischen den beiden Au\u00dfenministerien sowie den beiden Ministern Maas und Moavero kann das Bild, eines der Hauptwerke des holl\u00e4ndischen Meisters, nun an seinen urspr\u00fcnglichen Platz zur\u00fcckkehren, den ihm vor fast zweihundert Jahren der toskanische Gro\u00dfherzog Leopold II. von Lothringen zugedacht hat.<\/p>\n<p>Quelle:auswaertiges-amt.de<\/p>\n","protected":false},"excerpt":{"rendered":"<p>Berlin &#8211; Florenz: Ausw\u00e4rtiges Amt zur R\u00fcckgabe des Gem\u00e4ldes Vaso di Fiori Das Gem\u00e4lde \u201cVaso di Fiori\u201d (\u201cBlumenvase\u201d) des holl\u00e4ndischen Malers Jan van Huysum wird an die Gem\u00e4ldegalerie des Palazzo Pitti in Florenz zur\u00fcckgegeben. Au\u00dfenminister Heiko Maas und sein italienischer Amtskollege Enzo Moavero werden aus diesem Anlass nach Florenz reisen. Das Bild war w\u00e4hrend der [&hellip;]<\/p>\n","protected":false},"author":7,"featured_media":10697,"comment_status":"closed","ping_status":"open","sticky":false,"template":"","format":"standard","meta":{"footnotes":""},"categories":[1,44,75,3],"tags":[],"class_list":["post-12654","post","type-post","status-publish","format-standard","has-post-thumbnail","hentry","category-allgemein","category-deutschland-2","category-europa-2","category-news"],"_links":{"self":[{"href":"https:\/\/www.frankensicht.de\/index.php?rest_route=\/wp\/v2\/posts\/12654","targetHints":{"allow":["GET"]}}],"collection":[{"href":"https:\/\/www.frankensicht.de\/index.php?rest_route=\/wp\/v2\/posts"}],"about":[{"href":"https:\/\/www.frankensicht.de\/index.php?rest_route=\/wp\/v2\/types\/post"}],"author":[{"embeddable":true,"href":"https:\/\/www.frankensicht.de\/index.php?rest_route=\/wp\/v2\/users\/7"}],"replies":[{"embeddable":true,"href":"https:\/\/www.frankensicht.de\/index.php?rest_route=%2Fwp%2Fv2%2Fcomments&post=12654"}],"version-history":[{"count":3,"href":"https:\/\/www.frankensicht.de\/index.php?rest_route=\/wp\/v2\/posts\/12654\/revisions"}],"predecessor-version":[{"id":12657,"href":"https:\/\/www.frankensicht.de\/index.php?rest_route=\/wp\/v2\/posts\/12654\/revisions\/12657"}],"wp:featuredmedia":[{"embeddable":true,"href":"https:\/\/www.frankensicht.de\/index.php?rest_route=\/wp\/v2\/media\/10697"}],"wp:attachment":[{"href":"https:\/\/www.frankensicht.de\/index.php?rest_route=%2Fwp%2Fv2%2Fmedia&parent=12654"}],"wp:term":[{"taxonomy":"category","embeddable":true,"href":"https:\/\/www.frankensicht.de\/index.php?rest_route=%2Fwp%2Fv2%2Fcategories&post=12654"},{"taxonomy":"post_tag","embeddable":true,"href":"https:\/\/www.frankensicht.de\/index.php?rest_route=%2Fwp%2Fv2%2Ftags&post=12654"}],"curies":[{"name":"wp","href":"https:\/\/api.w.org\/{rel}","templated":true}]}}