{"id":12579,"date":"2019-05-30T07:53:59","date_gmt":"2019-05-30T05:53:59","guid":{"rendered":"http:\/\/www.frankensicht.de\/?p=12579"},"modified":"2019-05-30T07:53:59","modified_gmt":"2019-05-30T05:53:59","slug":"haw-landshut-bekommt-neue-mensa-wissenschaftsminister-bernd-sibler-bei-spatenstich","status":"publish","type":"post","link":"https:\/\/www.frankensicht.de\/?p=12579","title":{"rendered":"HAW Landshut bekommt neue Mensa &#8211; Wissenschaftsminister Bernd Sibler bei Spatenstich"},"content":{"rendered":"<p><span style=\"color: #ff0000;\">Landshut &#8211; M\u00fcnchen:<\/span><\/p>\n<p>HAW Landshut bekommt neue Mensa &#8211; Wissenschaftsminister Bernd Sibler bei Spatenstich<\/p>\n<p>HAW Landshut bekommt neue Mensa<\/p>\n<p>Wissenschaftsminister Bernd Sibler bei Spatenstich: \u201eCampus noch attraktiver und lebenswerter machen\u201c<\/p>\n<p>Die Hochschule f\u00fcr angewandte Wissenschaften (HAW) Landshut bekommt eine neue Mensa. Heute erfolgte im Beisein von Wissenschaftsminister Bernd Sibler der Spatenstich f\u00fcr das rund 2.100 Quadratmeter gro\u00dfe Geb\u00e4ude. \u201eDie Mensa ist ein zentraler Ort der Begegnung und Kommunikation auf dem Campus einer Hochschule: Sie ist mehr als nur ein Speisesaal, sie ist wichtiger Treffpunkt f\u00fcr Studentinnen und Studenten sowie Hochschulangeh\u00f6rige. Der Mensabesuch geh\u00f6rt f\u00fcr viele fest zum Hochschulalltag\u201c, betonte der Minister. Umso bedeutender sei es, an der HAW Landshut eine neue und vor allem gr\u00f6\u00dfere Mensa f\u00fcr die gestiegene Zahl der Menschen, die an der HAW studieren und arbeiten, zu errichten: Mittlerweile sind dort knapp 5.000 Studentinnen und Studenten eingeschrieben und rund 370 Hochschulangeh\u00f6rige t\u00e4tig.<\/p>\n<p><a href=\"https:\/\/www.frankensicht.de\/?attachment_id=10697\" rel=\"attachment wp-att-10697\"><img loading=\"lazy\" decoding=\"async\" class=\"alignnone size-medium wp-image-10697\" src=\"https:\/\/www.frankensicht.de\/wp-content\/uploads\/2017\/05\/essen-300x225.jpg\" alt=\"\" width=\"300\" height=\"225\" srcset=\"https:\/\/www.frankensicht.de\/wp-content\/uploads\/2017\/05\/essen-300x225.jpg 300w, https:\/\/www.frankensicht.de\/wp-content\/uploads\/2017\/05\/essen.jpg 640w\" sizes=\"auto, (max-width: 300px) 100vw, 300px\" \/><\/a><\/p>\n<p>In dem neuen Geb\u00e4ude sollen f\u00fcr sie rund 400 Sitzpl\u00e4tze zur Verf\u00fcgung stehen. Eine Abtrennung zwischen Speiseausgabe und Speisesaal soll es m\u00f6glich machen, den Raum au\u00dferhalb der Essenszeiten als Lernort oder auch f\u00fcr Veranstaltungen zu nutzen. \u201eDie Attraktivit\u00e4t einer Hochschule h\u00e4ngt sowohl von ihrem qualit\u00e4tsvollen Studienangebot als auch von der sozialen Infrastruktur ab. Mit diesem Spatenstich kann der Bau einer neuen Mensa nun losgehen! Unser Anliegen ist es, den Campus der HAW noch attraktiver und lebenswerter zu machen und damit die Studien- und Arbeitsbedingungen weiter zu verbessern.\u201c<\/p>\n<p>Quelle: stmwk.bayern.de<\/p>\n","protected":false},"excerpt":{"rendered":"<p>Landshut &#8211; M\u00fcnchen: HAW Landshut bekommt neue Mensa &#8211; Wissenschaftsminister Bernd Sibler bei Spatenstich HAW Landshut bekommt neue Mensa Wissenschaftsminister Bernd Sibler bei Spatenstich: \u201eCampus noch attraktiver und lebenswerter machen\u201c Die Hochschule f\u00fcr angewandte Wissenschaften (HAW) Landshut bekommt eine neue Mensa. Heute erfolgte im Beisein von Wissenschaftsminister Bernd Sibler der Spatenstich f\u00fcr das rund 2.100 [&hellip;]<\/p>\n","protected":false},"author":7,"featured_media":10697,"comment_status":"closed","ping_status":"open","sticky":false,"template":"","format":"standard","meta":{"footnotes":""},"categories":[78,71],"tags":[2853],"class_list":["post-12579","post","type-post","status-publish","format-standard","has-post-thumbnail","hentry","category-bayern","category-menue","tag-campus-landshut"],"_links":{"self":[{"href":"https:\/\/www.frankensicht.de\/index.php?rest_route=\/wp\/v2\/posts\/12579","targetHints":{"allow":["GET"]}}],"collection":[{"href":"https:\/\/www.frankensicht.de\/index.php?rest_route=\/wp\/v2\/posts"}],"about":[{"href":"https:\/\/www.frankensicht.de\/index.php?rest_route=\/wp\/v2\/types\/post"}],"author":[{"embeddable":true,"href":"https:\/\/www.frankensicht.de\/index.php?rest_route=\/wp\/v2\/users\/7"}],"replies":[{"embeddable":true,"href":"https:\/\/www.frankensicht.de\/index.php?rest_route=%2Fwp%2Fv2%2Fcomments&post=12579"}],"version-history":[{"count":1,"href":"https:\/\/www.frankensicht.de\/index.php?rest_route=\/wp\/v2\/posts\/12579\/revisions"}],"predecessor-version":[{"id":12580,"href":"https:\/\/www.frankensicht.de\/index.php?rest_route=\/wp\/v2\/posts\/12579\/revisions\/12580"}],"wp:featuredmedia":[{"embeddable":true,"href":"https:\/\/www.frankensicht.de\/index.php?rest_route=\/wp\/v2\/media\/10697"}],"wp:attachment":[{"href":"https:\/\/www.frankensicht.de\/index.php?rest_route=%2Fwp%2Fv2%2Fmedia&parent=12579"}],"wp:term":[{"taxonomy":"category","embeddable":true,"href":"https:\/\/www.frankensicht.de\/index.php?rest_route=%2Fwp%2Fv2%2Fcategories&post=12579"},{"taxonomy":"post_tag","embeddable":true,"href":"https:\/\/www.frankensicht.de\/index.php?rest_route=%2Fwp%2Fv2%2Ftags&post=12579"}],"curies":[{"name":"wp","href":"https:\/\/api.w.org\/{rel}","templated":true}]}}