{"id":12562,"date":"2019-05-28T08:20:05","date_gmt":"2019-05-28T06:20:05","guid":{"rendered":"http:\/\/www.frankensicht.de\/?p=12562"},"modified":"2019-05-28T08:20:05","modified_gmt":"2019-05-28T06:20:05","slug":"mit-begeisterung-und-ideenreichtum-auf-der-theaterbuehne-kultusminister-michael-piazolo-bei-35-theatertagen-der-bayerischen-realschulen-in-ergolding-motto-theater-dahoam","status":"publish","type":"post","link":"https:\/\/www.frankensicht.de\/?p=12562","title":{"rendered":"Mit Begeisterung und Ideenreichtum auf der Theaterb\u00fchne &#8211; Kultusminister Michael Piazolo bei 35. Theatertagen der bayerischen Realschulen in Ergolding \u2013 Motto \u201eTheater Dahoam\u201c"},"content":{"rendered":"<p><span style=\"color: #ff0000;\">Ergolding &#8211; M\u00fcnchen:<\/span><\/p>\n<p>Mit Begeisterung und Ideenreichtum auf der Theaterb\u00fchne &#8211; Kultusminister Michael Piazolo bei 35. Theatertagen der bayerischen Realschulen in Ergolding \u2013 Motto \u201eTheater Dahoam\u201c<\/p>\n<p>Rund 200 Sch\u00fclerinnen und Sch\u00fcler kommen vom 27. bis 29. Mai 2019 in Ergolding zu den 35. Theatertagen der bayerischen Realschulen zusammen. Bei der heutigen Er\u00f6ffnung des Festivals betonte Kultusminister Michael Piazolo: \u201eAuf der Theaterb\u00fchne gehen unsere Sch\u00fclerinnen und Sch\u00fcler auf Entdeckungsreise: Sie nehmen eigene Talente wahr und stellen ihre Kreativit\u00e4t und Ausdrucksf\u00e4higkeit unter Beweis. Mit der Teilnahme am Schultheater k\u00f6nnen sie ihr Selbstvertrauen st\u00e4rken und ihre Pers\u00f6nlichkeit weiterentwickeln.\u201c Die Schultheatertage zeigen eindrucksvoll \u201edie Begeisterung und den Ideenreichtum, mit dem die Kinder und Jugendlichen Inszenierungen auf die B\u00fchne bringen\u201c, so Piazolo. Er freute sich auf ein vielf\u00e4ltiges und spannendes B\u00fchnenprogramm und w\u00fcnschte allen Beteiligten viel Spa\u00df. Den beteiligten Lehrkr\u00e4ften dankte der Minister f\u00fcr die engagierte Unterst\u00fctzung des Schauspielnachwuchses.<\/p>\n<p><a href=\"https:\/\/www.frankensicht.de\/?attachment_id=2831\" rel=\"attachment wp-att-2831\"><img loading=\"lazy\" decoding=\"async\" class=\"alignnone size-medium wp-image-2831\" src=\"https:\/\/www.frankensicht.de\/wp-content\/uploads\/2012\/06\/schule-300x187.jpg\" alt=\"\" width=\"300\" height=\"187\" srcset=\"https:\/\/www.frankensicht.de\/wp-content\/uploads\/2012\/06\/schule-300x187.jpg 300w, https:\/\/www.frankensicht.de\/wp-content\/uploads\/2012\/06\/schule.jpg 640w\" sizes=\"auto, (max-width: 300px) 100vw, 300px\" \/><\/a><\/p>\n<p>Erfahrungsaustausch der Theatergruppen vom 27.\u00a0 bis 29. Mai 2019<\/p>\n<p>Die Theatertage der bayerischen Realschulen stehen in diesem Jahr unter dem Motto \u201eTheater Dahoam\u201c und finden vom 27. bis 29. Mai 2019 in Ergolding statt. Die Theatertage er\u00f6ffnen den verschiedenen Schauspielgruppen die M\u00f6glichkeit, sich gegenseitig kennenzulernen und eigene Erfahrungen auszutauschen. In Workshops erhalten die eingeladenen Gruppen zudem professionelle Anregungen aus unterschiedlichen Bereichen der Theaterarbeit.<\/p>\n<p>Veranstaltet werden die Theatertage von der F\u00f6rdergemeinschaft f\u00fcr das Schultheater an Realschulen in Bayern e.V. (FSR), mit besonderer Unterst\u00fctzung durch das Bayerische Staatsministerium f\u00fcr Unterricht und Kultus.<\/p>\n<p>N\u00e4here Informationen finden Sie unter http:\/\/theatertage2019.fsr-bayern.de.<\/p>\n<p>&nbsp;<\/p>\n<p>An den 35. Theatertagen beteiligen sich folgende Schultheatergruppen<br \/>\n(in alphabetischer Reihenfolge nach Ort):<\/p>\n<p>&#8211; Staatliche Realschule Ergolding<\/p>\n<p>&#8211; Konradin-Realschule Friedberg<\/p>\n<p>&#8211; Hans-B\u00f6ckler-Schule \u2013 St\u00e4dtische Realschule und Wirtschaftsschule F\u00fcrth<\/p>\n<p>&#8211; Staatliche Realschule Geretsried<\/p>\n<p>&#8211; Orlando-di-Lasso-Realschule Maisach<\/p>\n<p>&#8211; Johann-Simon-Mayr-Realschule Riedenburg<\/p>\n<p>&#8211; Staatliche Realschule Weilheim<\/p>\n<p>&#8211; Staatliche Realschule Zusmarshausen<\/p>\n<p>Quelle: stmuk.bayern.de<\/p>\n","protected":false},"excerpt":{"rendered":"<p>Ergolding &#8211; M\u00fcnchen: Mit Begeisterung und Ideenreichtum auf der Theaterb\u00fchne &#8211; Kultusminister Michael Piazolo bei 35. Theatertagen der bayerischen Realschulen in Ergolding \u2013 Motto \u201eTheater Dahoam\u201c Rund 200 Sch\u00fclerinnen und Sch\u00fcler kommen vom 27. bis 29. Mai 2019 in Ergolding zu den 35. Theatertagen der bayerischen Realschulen zusammen. Bei der heutigen Er\u00f6ffnung des Festivals betonte [&hellip;]<\/p>\n","protected":false},"author":7,"featured_media":2831,"comment_status":"closed","ping_status":"open","sticky":false,"template":"","format":"standard","meta":{"footnotes":""},"categories":[78,71],"tags":[2848],"class_list":["post-12562","post","type-post","status-publish","format-standard","has-post-thumbnail","hentry","category-bayern","category-menue","tag-theatertage"],"_links":{"self":[{"href":"https:\/\/www.frankensicht.de\/index.php?rest_route=\/wp\/v2\/posts\/12562","targetHints":{"allow":["GET"]}}],"collection":[{"href":"https:\/\/www.frankensicht.de\/index.php?rest_route=\/wp\/v2\/posts"}],"about":[{"href":"https:\/\/www.frankensicht.de\/index.php?rest_route=\/wp\/v2\/types\/post"}],"author":[{"embeddable":true,"href":"https:\/\/www.frankensicht.de\/index.php?rest_route=\/wp\/v2\/users\/7"}],"replies":[{"embeddable":true,"href":"https:\/\/www.frankensicht.de\/index.php?rest_route=%2Fwp%2Fv2%2Fcomments&post=12562"}],"version-history":[{"count":2,"href":"https:\/\/www.frankensicht.de\/index.php?rest_route=\/wp\/v2\/posts\/12562\/revisions"}],"predecessor-version":[{"id":12564,"href":"https:\/\/www.frankensicht.de\/index.php?rest_route=\/wp\/v2\/posts\/12562\/revisions\/12564"}],"wp:featuredmedia":[{"embeddable":true,"href":"https:\/\/www.frankensicht.de\/index.php?rest_route=\/wp\/v2\/media\/2831"}],"wp:attachment":[{"href":"https:\/\/www.frankensicht.de\/index.php?rest_route=%2Fwp%2Fv2%2Fmedia&parent=12562"}],"wp:term":[{"taxonomy":"category","embeddable":true,"href":"https:\/\/www.frankensicht.de\/index.php?rest_route=%2Fwp%2Fv2%2Fcategories&post=12562"},{"taxonomy":"post_tag","embeddable":true,"href":"https:\/\/www.frankensicht.de\/index.php?rest_route=%2Fwp%2Fv2%2Ftags&post=12562"}],"curies":[{"name":"wp","href":"https:\/\/api.w.org\/{rel}","templated":true}]}}