{"id":12534,"date":"2019-05-22T08:27:28","date_gmt":"2019-05-22T06:27:28","guid":{"rendered":"http:\/\/www.frankensicht.de\/?p=12534"},"modified":"2019-05-22T08:27:28","modified_gmt":"2019-05-22T06:27:28","slug":"neuer-forschungsbau-der-fau-auf-erlanger-suedgelaende","status":"publish","type":"post","link":"https:\/\/www.frankensicht.de\/?p=12534","title":{"rendered":"Neuer Forschungsbau der FAU auf Erlanger S\u00fcdgel\u00e4nde"},"content":{"rendered":"<p><span style=\"color: #ff0000;\">Erlangen &#8211; M\u00fcnchen:<\/span><\/p>\n<p>Neuer Forschungsbau der FAU auf Erlanger S\u00fcdgel\u00e4nde &#8211; Wissenschaftsminister Bernd Sibler bei Einweihung des Interdisziplin\u00e4ren Zentrums f\u00fcr Nanostrukturierte Filme: \u201eIZNF erh\u00f6ht gro\u00dfe Strahlkraft der Erlanger Forschungsexzellenz\u201c<\/p>\n<p>Die Friedrich-Alexander-Universit\u00e4t Erlangen-N\u00fcrnberg (FAU) er\u00f6ffnet einen neuen Forschungsbau: Heute wurde das Interdisziplin\u00e4re Zentrum f\u00fcr Nanostrukturierte Filme (IZNF) im Beisein von Wissenschaftsminister Bernd Sibler eingeweiht. Er betonte: \u201eMit dem IZNF bauen wir die Forschungsexzellenz der FAU noch weiter aus. Das neue Zentrum erh\u00f6ht die gro\u00dfe Strahlkraft der Forschung an der Technischen Fakult\u00e4t auf dem Erlanger S\u00fcdgel\u00e4nde.\u201c Die Forschungsarbeit, die hier geleistet werde, sei weit \u00fcber die Grenzen des Freistaats hinaus von hoher, nationaler Relevanz. Zudem steigere der Ausbau der Infrastruktur die Anziehungskraft der FAU f\u00fcr Wissenschaftlerinnen und Wissenschaftler sowie auch f\u00fcr au\u00dferuniversit\u00e4re Forschungseinrichtungen, sich in unmittelbarer N\u00e4he anzusiedeln.<\/p>\n<p><a href=\"https:\/\/www.frankensicht.de\/?attachment_id=11409\" rel=\"attachment wp-att-11409\"><img loading=\"lazy\" decoding=\"async\" class=\"alignnone size-medium wp-image-11409\" src=\"https:\/\/www.frankensicht.de\/wp-content\/uploads\/2018\/02\/erlangen-291x300.jpg\" alt=\"\" width=\"291\" height=\"300\" srcset=\"https:\/\/www.frankensicht.de\/wp-content\/uploads\/2018\/02\/erlangen-291x300.jpg 291w, https:\/\/www.frankensicht.de\/wp-content\/uploads\/2018\/02\/erlangen-768x792.jpg 768w, https:\/\/www.frankensicht.de\/wp-content\/uploads\/2018\/02\/erlangen-993x1024.jpg 993w, https:\/\/www.frankensicht.de\/wp-content\/uploads\/2018\/02\/erlangen.jpg 999w\" sizes=\"auto, (max-width: 291px) 100vw, 291px\" \/><\/a><\/p>\n<p>4.600 Quadratmeter f\u00fcr interdisziplin\u00e4re Forschung zu nanostrukturierten d\u00fcnnen Filmen<\/p>\n<p>Auf einer Fl\u00e4che von mehr als 4.600 Quadratmetern finden Wissenschaftlerinnen und Wissenschaftler beste Voraussetzungen f\u00fcr ihre interdisziplin\u00e4re Forschungsarbeit zur Herstellung nanostrukturierter d\u00fcnner Filme, also von Materialschichten, die eine Dicke von wenigen Nanometern bis zu einigen Mikrometern aufweisen. Ziel ist es, eine einheitliche Methodik f\u00fcr unterschiedliche Anwendungsbereiche zu entwickeln, beispielsweise f\u00fcr die Photonik, Optoelektronik, Katalyse, Energietechnik oder Lebenswissenschaften. \u201eUnsere Wissenschaftlerinnen und Wissenschaftler bringen hier in Erlangen entscheidende Innovationen von morgen auf den Weg!\u201c, so der Minister. Dies sei schlie\u00dflich eine Grundvoraussetzung daf\u00fcr, dass der Bund den Forschungsbau mitf\u00f6rdere. Das IZNF ist bereits der zweite Forschungsbau, den die FAU aus dem Exzellenzcluster \u201eEngineering of Advanced Materials (EAM)\u201c heraus einwerben und mit Mitteln des Bundesministeriums f\u00fcr Bildung und Forschung (BMBF) und des Freistaats realisieren konnte. Von den Baukosten in H\u00f6he von rund 41,7 Millionen Euro \u00fcbernahm der Freistaat rund 23,5 Millionen Euro, der Bund beteiligte sich mit rund 18,2 Millionen Euro.<\/p>\n<p>Kraftvolle Investitionen des Freistaats in den Wissenschaftsstandort Erlangen-N\u00fcrnberg<\/p>\n<p>Auch f\u00fcr einen weiteren Forschungsbau an der FAU, das \u201eErlangen Centre for Astroparticle Physics\u201c (ECAP) wird der Freistaat gemeinsam mit dem BMBF Mittel bereitstellen. Die Grundsteinlegung ist f\u00fcr dieses Jahr geplant.<\/p>\n<p>Insgesamt wird Bayern in den kommenden Jahren rund 1,5 Milliarden Euro in die Erweiterung und bauliche Entwicklung der FAU investieren.<\/p>\n<p>Quelle: stmwk.bayern.de<\/p>\n","protected":false},"excerpt":{"rendered":"<p>Erlangen &#8211; M\u00fcnchen: Neuer Forschungsbau der FAU auf Erlanger S\u00fcdgel\u00e4nde &#8211; Wissenschaftsminister Bernd Sibler bei Einweihung des Interdisziplin\u00e4ren Zentrums f\u00fcr Nanostrukturierte Filme: \u201eIZNF erh\u00f6ht gro\u00dfe Strahlkraft der Erlanger Forschungsexzellenz\u201c Die Friedrich-Alexander-Universit\u00e4t Erlangen-N\u00fcrnberg (FAU) er\u00f6ffnet einen neuen Forschungsbau: Heute wurde das Interdisziplin\u00e4re Zentrum f\u00fcr Nanostrukturierte Filme (IZNF) im Beisein von Wissenschaftsminister Bernd Sibler eingeweiht. Er betonte: [&hellip;]<\/p>\n","protected":false},"author":7,"featured_media":11409,"comment_status":"closed","ping_status":"open","sticky":false,"template":"","format":"standard","meta":{"footnotes":""},"categories":[78,111,71],"tags":[2842],"class_list":["post-12534","post","type-post","status-publish","format-standard","has-post-thumbnail","hentry","category-bayern","category-erlangen-mittelfranken","category-menue","tag-fau-erlangen"],"_links":{"self":[{"href":"https:\/\/www.frankensicht.de\/index.php?rest_route=\/wp\/v2\/posts\/12534","targetHints":{"allow":["GET"]}}],"collection":[{"href":"https:\/\/www.frankensicht.de\/index.php?rest_route=\/wp\/v2\/posts"}],"about":[{"href":"https:\/\/www.frankensicht.de\/index.php?rest_route=\/wp\/v2\/types\/post"}],"author":[{"embeddable":true,"href":"https:\/\/www.frankensicht.de\/index.php?rest_route=\/wp\/v2\/users\/7"}],"replies":[{"embeddable":true,"href":"https:\/\/www.frankensicht.de\/index.php?rest_route=%2Fwp%2Fv2%2Fcomments&post=12534"}],"version-history":[{"count":3,"href":"https:\/\/www.frankensicht.de\/index.php?rest_route=\/wp\/v2\/posts\/12534\/revisions"}],"predecessor-version":[{"id":12537,"href":"https:\/\/www.frankensicht.de\/index.php?rest_route=\/wp\/v2\/posts\/12534\/revisions\/12537"}],"wp:featuredmedia":[{"embeddable":true,"href":"https:\/\/www.frankensicht.de\/index.php?rest_route=\/wp\/v2\/media\/11409"}],"wp:attachment":[{"href":"https:\/\/www.frankensicht.de\/index.php?rest_route=%2Fwp%2Fv2%2Fmedia&parent=12534"}],"wp:term":[{"taxonomy":"category","embeddable":true,"href":"https:\/\/www.frankensicht.de\/index.php?rest_route=%2Fwp%2Fv2%2Fcategories&post=12534"},{"taxonomy":"post_tag","embeddable":true,"href":"https:\/\/www.frankensicht.de\/index.php?rest_route=%2Fwp%2Fv2%2Ftags&post=12534"}],"curies":[{"name":"wp","href":"https:\/\/api.w.org\/{rel}","templated":true}]}}