{"id":12532,"date":"2019-05-21T08:58:43","date_gmt":"2019-05-21T06:58:43","guid":{"rendered":"http:\/\/www.frankensicht.de\/?p=12532"},"modified":"2019-05-21T08:58:43","modified_gmt":"2019-05-21T06:58:43","slug":"ministerin-huml-bei-festakt-anlaesslich-des-jubilaeums-70-jahre-bayerisches-landespruefungsamt-fuer-sozialversicherung-am-22-mai-in-der-residenz-muenchen","status":"publish","type":"post","link":"https:\/\/www.frankensicht.de\/?p=12532","title":{"rendered":"Ministerin Huml bei Festakt anl\u00e4sslich des Jubil\u00e4ums &#8222;70 Jahre Bayerisches Landespr\u00fcfungsamt f\u00fcr Sozialversicherung&#8220; am 22. Mai in der Residenz M\u00fcnchen"},"content":{"rendered":"<p><span style=\"color: #ff0000;\">M\u00fcnchen:<\/span><\/p>\n<p>Ministerin Huml bei Festakt anl\u00e4sslich des Jubil\u00e4ums &#8222;70 Jahre Bayerisches Landespr\u00fcfungsamt f\u00fcr Sozialversicherung&#8220; am 22. Mai in der Residenz M\u00fcnchen<\/p>\n<p>Bayerns Gesundheitsministerin Melanie Huml nimmt am Mittwoch (22. Mai) an einem Festakt anl\u00e4sslich des Jubil\u00e4ums &#8222;70 Jahre Bayerisches Landespr\u00fcfungsamt f\u00fcr Sozialversicherung&#8220; in M\u00fcnchen teil. Die Ministerin spricht ein Gru\u00dfwort am<\/p>\n<p>Mittwoch, 22. Mai, 17:30 Uhr,<br \/>\nResidenz M\u00fcnchen, Kaisersaal,<br \/>\nResidenzstra\u00dfe 1, 80333 M\u00fcnchen.<\/p>\n<p>Seit April 1949 pr\u00fcft das Bayerische Landespr\u00fcfungsamt f\u00fcr Sozialversicherung die bayerischen Sozialversicherungstr\u00e4ger, wie die AOK Bayern, verschiedene Betriebskrankenkassen, die Tr\u00e4ger der Deutschen Rentenversicherung in Bayern sowie die Kommunale Unfallversicherung und die Landesunfallkasse, ob diese ihre Leistungen entsprechend den gesetzlichen Vorgaben gew\u00e4hren und die ihnen zuflie\u00dfenden Mittel wirtschaftlich und sparsam einsetzen. Weitere Institutionen des Gesundheitssektors, wie zum Beispiel die Kassen\u00e4rztliche und die Kassenzahn\u00e4rztliche Vereinigung sowie der Medizinische Dienst der Krankenversicherung, werden ebenfalls gepr\u00fcft.<\/p>\n<p><a href=\"https:\/\/www.frankensicht.de\/?attachment_id=7610\" rel=\"attachment wp-att-7610\"><img loading=\"lazy\" decoding=\"async\" class=\"alignnone size-medium wp-image-7610\" src=\"https:\/\/www.frankensicht.de\/wp-content\/uploads\/2014\/09\/bayern-300x180.png\" alt=\"\" width=\"300\" height=\"180\" srcset=\"https:\/\/www.frankensicht.de\/wp-content\/uploads\/2014\/09\/bayern-300x180.png 300w, https:\/\/www.frankensicht.de\/wp-content\/uploads\/2014\/09\/bayern.png 1000w\" sizes=\"auto, (max-width: 300px) 100vw, 300px\" \/><\/a><\/p>\n<p>Angesichts des von Bundesgesundheitsminister Spahn vorgelegten Entwurfs eines &#8222;Gesetzes f\u00fcr eine faire Kassenwahl&#8220;, das u.a. eine bundesweite \u00d6ffnung aller bisher landesunmittelbaren Krankenkassen vorsieht und gravierende Folgen f\u00fcr die Kassenlandschaft in den L\u00e4ndern und die Versorgung in den Regionen h\u00e4tte, ist mit klaren Aussagen und Positionierungen der an einer moderierten Podiumsdiskussion teilnehmenden, hochrangigen Kassenvertreter zu rechnen.<\/p>\n<p>Der weitere, erst k\u00fcrzlich ebenfalls vom Bundesgesundheitsminister vorgestellte Entwurf eines &#8222;MDK-Reformgesetzes f\u00fcr bessere und unabh\u00e4ngigere Pr\u00fcfungen&#8220;, wird sicher auch Diskussionsstoff bieten. Die Festrede h\u00e4lt der ehemalige Pr\u00e4sident des Bundesversicherungsamtes Dr. Maximilian Ga\u00dfner.<\/p>\n<p>Quelle: stmpg.bayern.de<\/p>\n","protected":false},"excerpt":{"rendered":"<p>M\u00fcnchen: Ministerin Huml bei Festakt anl\u00e4sslich des Jubil\u00e4ums &#8222;70 Jahre Bayerisches Landespr\u00fcfungsamt f\u00fcr Sozialversicherung&#8220; am 22. Mai in der Residenz M\u00fcnchen Bayerns Gesundheitsministerin Melanie Huml nimmt am Mittwoch (22. Mai) an einem Festakt anl\u00e4sslich des Jubil\u00e4ums &#8222;70 Jahre Bayerisches Landespr\u00fcfungsamt f\u00fcr Sozialversicherung&#8220; in M\u00fcnchen teil. Die Ministerin spricht ein Gru\u00dfwort am Mittwoch, 22. Mai, 17:30 [&hellip;]<\/p>\n","protected":false},"author":7,"featured_media":7610,"comment_status":"closed","ping_status":"open","sticky":false,"template":"","format":"standard","meta":{"footnotes":""},"categories":[78,71],"tags":[2841],"class_list":["post-12532","post","type-post","status-publish","format-standard","has-post-thumbnail","hentry","category-bayern","category-menue","tag-bayrisches-landespruefungsamt"],"_links":{"self":[{"href":"https:\/\/www.frankensicht.de\/index.php?rest_route=\/wp\/v2\/posts\/12532","targetHints":{"allow":["GET"]}}],"collection":[{"href":"https:\/\/www.frankensicht.de\/index.php?rest_route=\/wp\/v2\/posts"}],"about":[{"href":"https:\/\/www.frankensicht.de\/index.php?rest_route=\/wp\/v2\/types\/post"}],"author":[{"embeddable":true,"href":"https:\/\/www.frankensicht.de\/index.php?rest_route=\/wp\/v2\/users\/7"}],"replies":[{"embeddable":true,"href":"https:\/\/www.frankensicht.de\/index.php?rest_route=%2Fwp%2Fv2%2Fcomments&post=12532"}],"version-history":[{"count":1,"href":"https:\/\/www.frankensicht.de\/index.php?rest_route=\/wp\/v2\/posts\/12532\/revisions"}],"predecessor-version":[{"id":12533,"href":"https:\/\/www.frankensicht.de\/index.php?rest_route=\/wp\/v2\/posts\/12532\/revisions\/12533"}],"wp:featuredmedia":[{"embeddable":true,"href":"https:\/\/www.frankensicht.de\/index.php?rest_route=\/wp\/v2\/media\/7610"}],"wp:attachment":[{"href":"https:\/\/www.frankensicht.de\/index.php?rest_route=%2Fwp%2Fv2%2Fmedia&parent=12532"}],"wp:term":[{"taxonomy":"category","embeddable":true,"href":"https:\/\/www.frankensicht.de\/index.php?rest_route=%2Fwp%2Fv2%2Fcategories&post=12532"},{"taxonomy":"post_tag","embeddable":true,"href":"https:\/\/www.frankensicht.de\/index.php?rest_route=%2Fwp%2Fv2%2Ftags&post=12532"}],"curies":[{"name":"wp","href":"https:\/\/api.w.org\/{rel}","templated":true}]}}