{"id":12482,"date":"2019-05-03T08:39:37","date_gmt":"2019-05-03T06:39:37","guid":{"rendered":"http:\/\/www.frankensicht.de\/?p=12482"},"modified":"2019-05-03T08:39:37","modified_gmt":"2019-05-03T06:39:37","slug":"gartenbau-expo-2019-in-peking-eroeffnet","status":"publish","type":"post","link":"https:\/\/www.frankensicht.de\/?p=12482","title":{"rendered":"Gartenbau-EXPO 2019 in Peking er\u00f6ffnet"},"content":{"rendered":"<p><span style=\"color: #ff0000;\">Berlin &#8211; Peking:<\/span><\/p>\n<p>Gartenbau-EXPO 2019 in Peking er\u00f6ffnet<br \/>\nUmsetzung AGENDA 2030: Moderner Gartenbau als Beitrag zu nachhaltiger Stadtentwicklung &#8211; auch die Bedeutung der Bienen wird hervorgehoben<\/p>\n<p>Die\u00a0 in Peking er\u00f6ffnete Gartenbau-EXPO steht unter dem Motto &#8222;Live Green, Live Better&#8220; Sie zeigt im Blick auf die 2015 in New York verabschiedete AGENDA 2030 die Chancen des Gartenbaus und gr\u00fcner Technologien als Beitrag zu nachhaltiger Stadtentwicklung auf. Deutschland pr\u00e4sentiert auf der EXPO zukunftsorientierte Technologien und Ideen rund um den modernen Gartenbau. Verantwortlich f\u00fcr den &#8222;Deutschen Garten&#8220; ist das Bundesministerium f\u00fcr Ern\u00e4hrung und Landwirtschaft (BMEL).<\/p>\n<p><a href=\"https:\/\/www.frankensicht.de\/?attachment_id=7191\" rel=\"attachment wp-att-7191\"><img loading=\"lazy\" decoding=\"async\" class=\"alignnone size-medium wp-image-7191\" src=\"https:\/\/www.frankensicht.de\/wp-content\/uploads\/2014\/05\/wald-300x225.jpg\" alt=\"\" width=\"300\" height=\"225\" srcset=\"https:\/\/www.frankensicht.de\/wp-content\/uploads\/2014\/05\/wald-300x225.jpg 300w, https:\/\/www.frankensicht.de\/wp-content\/uploads\/2014\/05\/wald.jpg 640w\" sizes=\"auto, (max-width: 300px) 100vw, 300px\" \/><\/a><\/p>\n<p>Anl\u00e4sslich der Er\u00f6ffnung betonte der Parlamentarische Staatssekret\u00e4r bei der Bundesministerin f\u00fcr Ern\u00e4hrung und Landwirtschaft Hans-Joachim Fuchtel, Generalkommissar des deutschen Beitrags zur EXPO 2019, die globale Bedeutung des EXPO-Mottos: &#8222;Der weltweite Anstieg der Megast\u00e4dte und die damit verbundenen negativen Auswirkungen auf unsere \u00d6kosysteme erfordern neue Antworten. Der moderne Gartenbau spielt dabei als Beitrag zu einer nachhaltigen Stadtentwicklung eine gewaltige Rolle. Darum begr\u00fc\u00dfen wir ausdr\u00fccklich, dass China diese Herausforderungen in den Mittelpunkt seiner Gartenbau-EXPO stellt. Im &#8222;Deutschen Garten&#8220; pr\u00e4sentieren wir wegweisende Verfahren und innovative Ans\u00e4tze, die zu einer nachhaltigen urbanen Entwicklung beitragen k\u00f6nnen. Die Kooperation unserer beiden L\u00e4nder in diesem Bereich ist ein weiterer Beleg f\u00fcr die gro\u00dfe Substanz des deutsch-chinesischen Freundschaftsverh\u00e4ltnisses.&#8220; Seit 2015 ist dazu das Deutsch Chinesische Agrarzentrum (DCZ) ein wichtiger Baustein, welcher durch eine F\u00fclle von Kooperationen von universit\u00e4ren Kontakten sowie Kooperation der dem Ern\u00e4hrungs- und Landwirtschaftsministerium nachgeordneten Institute erg\u00e4nzt wird.<\/p>\n<p>Innovationen aus Wirtschaft und Wissenschaft<br \/>\nAuf rund 2.000 Quadratmetern gibt der &#8222;Deutsche Garten&#8220; unter dem Motto &#8222;Seeding the Future&#8220; Impulse f\u00fcr Innovationen und ist ein Beispiel f\u00fcr das Engagement Deutschlands bei der erfolgreichen Bew\u00e4ltigung \u00f6kologischer Herausforderungen. Die Besucherinnen und Besucher werden im Deutschen Pavillon eingeladen die Leistungsf\u00e4higkeit deutscher Forschung und Technologie im Gartenbau kennenzulernen. Auch die kinetischen Pflanzendisplays an der Fassade des Deutschen Pavillons sind ein Beispiel f\u00fcr modernes Urban Gardening. Die Besucher k\u00f6nnen mit einem so genannten &#8222;Seedball&#8220;, den sie am Einlass erhalten, mit einzelnen Exponaten interagieren.<\/p>\n<p>Die Ausstellung im Pavillon soll auch die konkrete Machbarkeit von Ver\u00e4nderungen demonstrieren. So wird am Beispiel der Stadt Essen und ihres Umlands die erfolgreiche Umwandlung eines Industriestandorts in eine &#8222;Green Capital of Europe&#8220; dargestellt. Neben der mehr als einhundertj\u00e4hrigen Geschichte der Schreberg\u00e4rten lernen die Besucherinnen und Besucher auch die Welt der Bienen und die wichtige Arbeit der Imker kennen. Neue digitale Forschungsprojekte in der Landwirtschaft geben einen Einblick in die Technik der Zukunft. Inmitten der Ausstellung liegt der &#8222;Sehnsuchtsort&#8220;, ein Stadtgarten, in dem man zur Ruhe kommt und sich von der Hektik der Gro\u00dfstadt erholt.<\/p>\n<p>Deutsche Naturr\u00e4ume von den Alpen bis zu den K\u00fcsten<br \/>\nDer Pavillon liegt im Zentrum einer Gartenlandschaft, die die vielseitigen Naturr\u00e4ume Deutschlands abbildet und eine Rundreise durch Deutschland anbietet. Der Weg f\u00fchrt die Besucherinnen und Besucher entlang eines Flusslaufs von den Alpen durch das ganze Land bis zu den K\u00fcsten der Nord- und Ostsee. Der Weg wird von Pflanzen ges\u00e4umt, die f\u00fcr die jeweilige Region typisch sind.<\/p>\n<p>Organisation und Konzeption des Deutschen Gartens<br \/>\nMit der Organisation und Durchf\u00fchrung des Deutschen Gartens hat das zust\u00e4ndige BMEL die Hamburg Messe und Congress GmbH beauftragt. Das inhaltliche und architektonische Konzept stammt von der Arbeitsgemeinschaft Kontrapunkt Agentur f\u00fcr Kommunikation GmbH aus Hamburg und gtp2 architekten aus D\u00fcsseldorf.<\/p>\n<p>\u00dcber die Gartenbau-EXPO 2019<br \/>\nDie International Horticultural Exhibition 2019 findet vom 29. April bis 7. Oktober 2019 rund 75 Kilometer nordwestlich des Stadtzentrums von Peking im Bezirk Yanqing direkt am Fu\u00df der Chinesischen Mauer statt. Das EXPO-Gel\u00e4nde hat eine Gr\u00f6\u00dfe von 960 Hektar, die Ausstellungsfl\u00e4che betr\u00e4gt 500 Hektar. Neben rund 100 Nationen und internationalen Organisationen nehmen auch rund 100 inl\u00e4ndische Provinzen, Regionen und Gemeinden sowie nationale und internationale Unternehmen teil.<\/p>\n<p>Quelle: bmel.bund.de<\/p>\n","protected":false},"excerpt":{"rendered":"<p>Berlin &#8211; Peking: Gartenbau-EXPO 2019 in Peking er\u00f6ffnet Umsetzung AGENDA 2030: Moderner Gartenbau als Beitrag zu nachhaltiger Stadtentwicklung &#8211; auch die Bedeutung der Bienen wird hervorgehoben Die\u00a0 in Peking er\u00f6ffnete Gartenbau-EXPO steht unter dem Motto &#8222;Live Green, Live Better&#8220; Sie zeigt im Blick auf die 2015 in New York verabschiedete AGENDA 2030 die Chancen des [&hellip;]<\/p>\n","protected":false},"author":7,"featured_media":7191,"comment_status":"closed","ping_status":"open","sticky":false,"template":"","format":"standard","meta":{"footnotes":""},"categories":[3,30],"tags":[2824],"class_list":["post-12482","post","type-post","status-publish","format-standard","has-post-thumbnail","hentry","category-news","category-welt","tag-gartenbau-expo"],"_links":{"self":[{"href":"https:\/\/www.frankensicht.de\/index.php?rest_route=\/wp\/v2\/posts\/12482","targetHints":{"allow":["GET"]}}],"collection":[{"href":"https:\/\/www.frankensicht.de\/index.php?rest_route=\/wp\/v2\/posts"}],"about":[{"href":"https:\/\/www.frankensicht.de\/index.php?rest_route=\/wp\/v2\/types\/post"}],"author":[{"embeddable":true,"href":"https:\/\/www.frankensicht.de\/index.php?rest_route=\/wp\/v2\/users\/7"}],"replies":[{"embeddable":true,"href":"https:\/\/www.frankensicht.de\/index.php?rest_route=%2Fwp%2Fv2%2Fcomments&post=12482"}],"version-history":[{"count":1,"href":"https:\/\/www.frankensicht.de\/index.php?rest_route=\/wp\/v2\/posts\/12482\/revisions"}],"predecessor-version":[{"id":12483,"href":"https:\/\/www.frankensicht.de\/index.php?rest_route=\/wp\/v2\/posts\/12482\/revisions\/12483"}],"wp:featuredmedia":[{"embeddable":true,"href":"https:\/\/www.frankensicht.de\/index.php?rest_route=\/wp\/v2\/media\/7191"}],"wp:attachment":[{"href":"https:\/\/www.frankensicht.de\/index.php?rest_route=%2Fwp%2Fv2%2Fmedia&parent=12482"}],"wp:term":[{"taxonomy":"category","embeddable":true,"href":"https:\/\/www.frankensicht.de\/index.php?rest_route=%2Fwp%2Fv2%2Fcategories&post=12482"},{"taxonomy":"post_tag","embeddable":true,"href":"https:\/\/www.frankensicht.de\/index.php?rest_route=%2Fwp%2Fv2%2Ftags&post=12482"}],"curies":[{"name":"wp","href":"https:\/\/api.w.org\/{rel}","templated":true}]}}