{"id":12477,"date":"2019-04-28T08:02:48","date_gmt":"2019-04-28T06:02:48","guid":{"rendered":"http:\/\/www.frankensicht.de\/?p=12477"},"modified":"2019-05-07T08:17:58","modified_gmt":"2019-05-07T06:17:58","slug":"menschenrechtsbeauftragte-kofler-zur-vollstreckung-der-todesstrafe-an-37-saudischen-staatsangehoerigen","status":"publish","type":"post","link":"https:\/\/www.frankensicht.de\/?p=12477","title":{"rendered":"Menschenrechtsbeauftragte Kofler zur Vollstreckung der Todesstrafe an 37 saudischen Staatsangeh\u00f6rigen"},"content":{"rendered":"<p><span style=\"color: #ff0000;\">Berlin &#8211; Riad:<\/span><\/p>\n<p>Menschenrechtsbeauftragte Kofler zur Vollstreckung der Todesstrafe an 37 saudischen Staatsangeh\u00f6rigen<\/p>\n<p><a href=\"https:\/\/www.frankensicht.de\/?attachment_id=1235\" rel=\"attachment wp-att-1235\"><img loading=\"lazy\" decoding=\"async\" class=\"alignnone size-full wp-image-1235\" src=\"https:\/\/www.frankensicht.de\/wp-content\/uploads\/2012\/05\/stop.png\" alt=\"\" width=\"274\" height=\"258\" \/><\/a><br \/>\nAnl\u00e4sslich der Hinrichtung von 37 saudischen Staatsangeh\u00f6rigen in Saudi-Arabien erkl\u00e4rte die Menschenrechtsbeauftragte der Bundesregierung im Ausw\u00e4rtigen Amt, B\u00e4rbel Kofler, heute (25.04.):<br \/>\n&#8222;Meldungen aus Saudi-Arabien \u00fcber die Hinrichtung von 37 Menschen erf\u00fcllen mich mit Best\u00fcrzung. Meine Haltung und die der Bundesregierung zur Todesstrafe ist klar und v\u00f6llig eindeutig: Sie ist eine grausame und unmenschliche Form der Bestrafung, die wir immer und unter allen Umst\u00e4nden ablehnen. Wo die Todesstrafe vollstreckt wird, da kritisiere ich dies offen und eindeutig, unabh\u00e4ngig davon, in welchem Land dies passiert. Das haben wir auch gegen\u00fcber der saudi-arabischen F\u00fchrung immer wieder auf allen Ebenen zum Ausdruck gebracht \u2013 und werden dies auch weiterhin tun. Mit diesen Hinrichtungen verst\u00e4rkt sich in Saudi Arabien leider der Trend immer weiter steigender Hinrichtungszahlen. Besonders beunruhigend sind Meldungen, dass sich unter den Hingerichteten auch Personen befinden sollen, die zum Zeitpunkt der ihnen zur Last gelegten Verbrechen minderj\u00e4hrig waren. Dies verst\u00f6\u00dft\u00a0 gegen die UN-Kinderrechtskonvention, zu deren Einhaltung sich Saudi-Arabien im Grundsatz verpflichtet hat. Ich appelliere daher an die saudische F\u00fchrung, das j\u00fcngste saudi-arabische Gesetz zum Schutz von Minderj\u00e4hrigen einzuhalten und bereits gef\u00e4llte Todesurteile zu \u00fcberpr\u00fcfen und aufzuheben&#8220;<\/p>\n<p>&nbsp;<\/p>\n<p>Quelle: auswaertiges-amt.de<\/p>\n<p>&nbsp;<\/p>\n","protected":false},"excerpt":{"rendered":"<p>Berlin &#8211; Riad: Menschenrechtsbeauftragte Kofler zur Vollstreckung der Todesstrafe an 37 saudischen Staatsangeh\u00f6rigen Anl\u00e4sslich der Hinrichtung von 37 saudischen Staatsangeh\u00f6rigen in Saudi-Arabien erkl\u00e4rte die Menschenrechtsbeauftragte der Bundesregierung im Ausw\u00e4rtigen Amt, B\u00e4rbel Kofler, heute (25.04.): &#8222;Meldungen aus Saudi-Arabien \u00fcber die Hinrichtung von 37 Menschen erf\u00fcllen mich mit Best\u00fcrzung. Meine Haltung und die der Bundesregierung zur Todesstrafe [&hellip;]<\/p>\n","protected":false},"author":7,"featured_media":0,"comment_status":"closed","ping_status":"open","sticky":false,"template":"","format":"standard","meta":{"footnotes":""},"categories":[3,30],"tags":[2823],"class_list":["post-12477","post","type-post","status-publish","format-standard","hentry","category-news","category-welt","tag-todesstrafen"],"_links":{"self":[{"href":"https:\/\/www.frankensicht.de\/index.php?rest_route=\/wp\/v2\/posts\/12477","targetHints":{"allow":["GET"]}}],"collection":[{"href":"https:\/\/www.frankensicht.de\/index.php?rest_route=\/wp\/v2\/posts"}],"about":[{"href":"https:\/\/www.frankensicht.de\/index.php?rest_route=\/wp\/v2\/types\/post"}],"author":[{"embeddable":true,"href":"https:\/\/www.frankensicht.de\/index.php?rest_route=\/wp\/v2\/users\/7"}],"replies":[{"embeddable":true,"href":"https:\/\/www.frankensicht.de\/index.php?rest_route=%2Fwp%2Fv2%2Fcomments&post=12477"}],"version-history":[{"count":1,"href":"https:\/\/www.frankensicht.de\/index.php?rest_route=\/wp\/v2\/posts\/12477\/revisions"}],"predecessor-version":[{"id":12478,"href":"https:\/\/www.frankensicht.de\/index.php?rest_route=\/wp\/v2\/posts\/12477\/revisions\/12478"}],"wp:attachment":[{"href":"https:\/\/www.frankensicht.de\/index.php?rest_route=%2Fwp%2Fv2%2Fmedia&parent=12477"}],"wp:term":[{"taxonomy":"category","embeddable":true,"href":"https:\/\/www.frankensicht.de\/index.php?rest_route=%2Fwp%2Fv2%2Fcategories&post=12477"},{"taxonomy":"post_tag","embeddable":true,"href":"https:\/\/www.frankensicht.de\/index.php?rest_route=%2Fwp%2Fv2%2Ftags&post=12477"}],"curies":[{"name":"wp","href":"https:\/\/api.w.org\/{rel}","templated":true}]}}