{"id":12475,"date":"2019-04-27T08:30:26","date_gmt":"2019-04-27T06:30:26","guid":{"rendered":"http:\/\/www.frankensicht.de\/?p=12475"},"modified":"2019-04-27T08:30:26","modified_gmt":"2019-04-27T06:30:26","slug":"monatsbericht-april-2019","status":"publish","type":"post","link":"https:\/\/www.frankensicht.de\/?p=12475","title":{"rendered":"Monatsbericht April 2019"},"content":{"rendered":"<p><span style=\"color: #ff0000;\">Berlin:<\/span><\/p>\n<p>Monatsbericht April 2019<\/p>\n<p>Diesen Monat erfahren Sie mehr \u00fcber das Brexit-Steuerbegleitgesetz, die Zollbilanz 2018 und die Besteuerung der sogenannten Auslandsrentner. Au\u00dferdem enthalten: eine Analyse der Finanzsituation der Kommunen sowie ein Bericht \u00fcber die Aufteilung der Budgetsemielastizit\u00e4t. Im Portrait ist diesen Monat Stefan Ramge, Leiter der BMF-Abteilung f\u00fcr Beteiligungen, Bundesimmobilien und Privatisierungen. Passend dazu pr\u00e4sentieren wir auch die H\u00f6hepunkte des M\u00fcnzjahres 2019.<br \/>\nZum Monatsbericht: https:\/\/www.bundesfinanzministerium.de\/nl\/245434<br \/>\n____________________________________________________________________________________________________<\/p>\n<p><a href=\"https:\/\/www.frankensicht.de\/?attachment_id=1457\" rel=\"attachment wp-att-1457\"><img loading=\"lazy\" decoding=\"async\" class=\"alignnone size-full wp-image-1457\" src=\"https:\/\/www.frankensicht.de\/wp-content\/uploads\/2012\/05\/StatPressCN-\u2039-frankensicht.de-\u2014-WordPress_1336737358340.jpeg\" alt=\"\" width=\"235\" height=\"119\" \/><\/a><br \/>\nEditorial: https:\/\/www.bundesfinanzministerium.de\/Monatsberichte\/2019\/04\/Kapitel\/kapitel-1-editorial.html<br \/>\nInhaltsverzeichnis: https:\/\/www.bundesfinanzministerium.de\/Monatsberichte\/2019\/04\/Kapitel\/kapitel-2-inhaltsverzeichnis.html<br \/>\nAnalysen und Berichte: https:\/\/www.bundesfinanzministerium.de\/Monatsberichte\/2019\/04\/Kapitel\/kapitel-3-analysen-berichte.html<br \/>\nDeutsches Stabilit\u00e4tsprogramm: Steigende Investitionen bei sinkender Schuldenquote: https:\/\/www.bundesfinanzministerium.de\/Monatsberichte\/2019\/04\/Inhalte\/Kapitel-3-Analysen\/3-1-stabilitaetsprogramm-2019.html<\/p>\n<p>Die Finanzsituation der Kommunen \u2013 eine Bestandsaufnahme: https:\/\/www.bundesfinanzministerium.de\/Monatsberichte\/2019\/04\/Inhalte\/Kapitel-3-Analysen\/3-2-finanzsituation-kommunen.html<\/p>\n<p>Das Brexit-Steuerbegleitgesetz: https:\/\/www.bundesfinanzministerium.de\/Monatsberichte\/2019\/04\/Inhalte\/Kapitel-3-Analysen\/3-3-brexit-steuerbegleitgesetz.html<\/p>\n<p>Vereinfachte Veranlagung von Rentnern im Ausland: https:\/\/www.bundesfinanzministerium.de\/Monatsberichte\/2019\/04\/Inhalte\/Kapitel-3-Analysen\/3-4-veranlagung-von-rentern.html<\/p>\n<p>Bilanz des deutschen Zolls 2018: https:\/\/www.bundesfinanzministerium.de\/Monatsberichte\/2019\/04\/Inhalte\/Kapitel-3-Analysen\/3-5-bilanz-zoll-2018.html<\/p>\n<p>Aufteilung der 2018 neu berechneten Budgetsemielastizit\u00e4t auf Bund, L\u00e4nder, Gemeinden und Sozialversicherungen: https:\/\/www.bundesfinanzministerium.de\/Monatsberichte\/2019\/04\/Inhalte\/Kapitel-3-Analysen\/3-6-budgetsemielastizitaet.html<\/p>\n<p>H\u00f6hepunkte des M\u00fcnzjahres 2019: https:\/\/www.bundesfinanzministerium.de\/Monatsberichte\/2019\/04\/Inhalte\/Kapitel-3-Analysen\/3-7-muenzjahr-2019.html<\/p>\n<p>Aktuelle Wirtschafts- und Finanzlage: https:\/\/www.bundesfinanzministerium.de\/Monatsberichte\/2019\/04\/Kapitel\/kapitel-4-wirtschafts-und-finanzlage.html<br \/>\n\u00dcberblick zur aktuellen Lage: https:\/\/www.bundesfinanzministerium.de\/Monatsberichte\/2019\/04\/Inhalte\/Kapitel-4-Wirtschafts-und-Finanzlage\/ueberblick.html<\/p>\n<p>Konjunkturentwicklung aus finanzpolitischer Sicht: https:\/\/www.bundesfinanzministerium.de\/Monatsberichte\/2019\/04\/Inhalte\/Kapitel-4-Wirtschafts-und-Finanzlage\/4-1-konjunkturentwicklung-aus-finanzpolitischer-sicht.html<\/p>\n<p>Steuereinnahmen im M\u00e4rz 2019: https:\/\/www.bundesfinanzministerium.de\/Monatsberichte\/2019\/04\/Inhalte\/Kapitel-4-Wirtschafts-und-Finanzlage\/4-2-steuereinnahmen-maerz-2019.html<\/p>\n<p>Entwicklung des Bundeshaushalts bis einschlie\u00dflich M\u00e4rz 2019: https:\/\/www.bundesfinanzministerium.de\/Monatsberichte\/2019\/04\/Inhalte\/Kapitel-4-Wirtschafts-und-Finanzlage\/4-3-entwicklung-des-bundeshaushalts.html<\/p>\n<p>Entwicklung der L\u00e4nderhaushalte bis einschlie\u00dflich Februar 2019: https:\/\/www.bundesfinanzministerium.de\/Monatsberichte\/2019\/04\/Inhalte\/Kapitel-4-Wirtschafts-und-Finanzlage\/4-4-entwicklung-der-laenderhaushalte.html<\/p>\n<p>Finanzm\u00e4rkte und Kreditaufnahme des Bundes: https:\/\/www.bundesfinanzministerium.de\/Monatsberichte\/2019\/04\/Inhalte\/Kapitel-4-Wirtschafts-und-Finanzlage\/4-5-finanzmaerkte-und-kreditaufnahme-des-bundes.html<\/p>\n<p>Europ\u00e4ische Wirtschafts- und Finanzpolitik: https:\/\/www.bundesfinanzministerium.de\/Monatsberichte\/2019\/04\/Inhalte\/Kapitel-4-Wirtschafts-und-Finanzlage\/4-6-europaeische-wirtschafts-und-finanzpolitik.html<\/p>\n<p>Aktuelles aus dem BMF: https:\/\/www.bundesfinanzministerium.de\/Monatsberichte\/2019\/04\/Kapitel\/kapitel-5-aktuelles-aus-dem-bmf.html<br \/>\nIm Portrait: Stephan Ramge, Leiter der Abteilung f\u00fcr Beteiligungen, Bundesimmobilien und Privatisierungen: https:\/\/www.bundesfinanzministerium.de\/Monatsberichte\/2019\/04\/Inhalte\/Kapitel-5-Aktuelles-aus-dem-BMF\/5-4-im-portrait-ramge.html<\/p>\n<p>Termine: https:\/\/www.bundesfinanzministerium.de\/Monatsberichte\/2019\/04\/Inhalte\/Kapitel-5-Aktuelles-aus-dem-BMF\/5-1-termine.html<\/p>\n<p>Publikationen aus dem BMF: https:\/\/www.bundesfinanzministerium.de\/Monatsberichte\/2019\/04\/Inhalte\/Kapitel-5-Aktuelles-aus-dem-BMF\/5-2-publikationen.html<\/p>\n<p>Statistiken und Dokumentationen: https:\/\/www.bundesfinanzministerium.de\/Monatsberichte\/2019\/04\/Kapitel\/kapitel-6-0-statistiken-dokumentationen.html<br \/>\n\u00dcbersichten zur finanzwirtschaftlichen Entwicklung: https:\/\/www.bundesfinanzministerium.de\/Monatsberichte\/2019\/04\/Kapitel\/kapitel-6-1-finanzwirtschaftliche-entwicklung.html<\/p>\n<p>\u00dcbersichten zur Entwicklung der L\u00e4nderhaushalte: https:\/\/www.bundesfinanzministerium.de\/Monatsberichte\/2019\/04\/Kapitel\/kapitel-6-2-laenderhaushalte.html<\/p>\n<p>Gesamtwirtschaftliches Produktionspotenzial und Konjunkturkomponenten des Bundes: https:\/\/www.bundesfinanzministerium.de\/Monatsberichte\/2019\/04\/Kapitel\/kapitel-6-3-produktionspotenzial-konjunkturkomponenten.html<\/p>\n<p>Kennzahlen zur gesamtwirtschaftlichen Entwicklung: https:\/\/www.bundesfinanzministerium.de\/Monatsberichte\/2019\/04\/Kapitel\/kapitel-6-4-kennzahlen.html<\/p>\n<p>English version \/ Version fran\u00e7aise: https:\/\/www.bundesfinanzministerium.de\/Monatsberichte\/2019\/04\/Kapitel\/kapitel-7-english-version.html<br \/>\nHinweis zum Titelbild: https:\/\/www.bundesfinanzministerium.de\/Monatsberichte\/2019\/04\/Kapitel\/kapitel-8-hinweis-titelbild.html<br \/>\nHinweise: https:\/\/www.bundesfinanzministerium.de\/Monatsberichte\/2019\/04\/Kapitel\/kapitel-9-hinweise.html<\/p>\n<p>Quelle:bundesfinanzministerium.de<\/p>\n<p>____________________________________________________________________________________________________<\/p>\n<p>Mehr zum Thema<\/p>\n<p>&#8211; Monatsbericht des BMF April 2019: https:\/\/www.bundesfinanzministerium.de\/Monatsberichte\/2019\/04\/Downloads\/monatsbericht-2019-04-deutsch.pdf?__blob=publicationFile&amp;amp;v=6 (PDF, 6MB)<\/p>\n","protected":false},"excerpt":{"rendered":"<p>Berlin: Monatsbericht April 2019 Diesen Monat erfahren Sie mehr \u00fcber das Brexit-Steuerbegleitgesetz, die Zollbilanz 2018 und die Besteuerung der sogenannten Auslandsrentner. Au\u00dferdem enthalten: eine Analyse der Finanzsituation der Kommunen sowie ein Bericht \u00fcber die Aufteilung der Budgetsemielastizit\u00e4t. Im Portrait ist diesen Monat Stefan Ramge, Leiter der BMF-Abteilung f\u00fcr Beteiligungen, Bundesimmobilien und Privatisierungen. Passend dazu pr\u00e4sentieren [&hellip;]<\/p>\n","protected":false},"author":7,"featured_media":1457,"comment_status":"closed","ping_status":"open","sticky":false,"template":"","format":"standard","meta":{"footnotes":""},"categories":[44,3,334],"tags":[2822],"class_list":["post-12475","post","type-post","status-publish","format-standard","has-post-thumbnail","hentry","category-deutschland-2","category-news","category-wissenschaft","tag-monatsbericht-april-2019"],"_links":{"self":[{"href":"https:\/\/www.frankensicht.de\/index.php?rest_route=\/wp\/v2\/posts\/12475","targetHints":{"allow":["GET"]}}],"collection":[{"href":"https:\/\/www.frankensicht.de\/index.php?rest_route=\/wp\/v2\/posts"}],"about":[{"href":"https:\/\/www.frankensicht.de\/index.php?rest_route=\/wp\/v2\/types\/post"}],"author":[{"embeddable":true,"href":"https:\/\/www.frankensicht.de\/index.php?rest_route=\/wp\/v2\/users\/7"}],"replies":[{"embeddable":true,"href":"https:\/\/www.frankensicht.de\/index.php?rest_route=%2Fwp%2Fv2%2Fcomments&post=12475"}],"version-history":[{"count":1,"href":"https:\/\/www.frankensicht.de\/index.php?rest_route=\/wp\/v2\/posts\/12475\/revisions"}],"predecessor-version":[{"id":12476,"href":"https:\/\/www.frankensicht.de\/index.php?rest_route=\/wp\/v2\/posts\/12475\/revisions\/12476"}],"wp:featuredmedia":[{"embeddable":true,"href":"https:\/\/www.frankensicht.de\/index.php?rest_route=\/wp\/v2\/media\/1457"}],"wp:attachment":[{"href":"https:\/\/www.frankensicht.de\/index.php?rest_route=%2Fwp%2Fv2%2Fmedia&parent=12475"}],"wp:term":[{"taxonomy":"category","embeddable":true,"href":"https:\/\/www.frankensicht.de\/index.php?rest_route=%2Fwp%2Fv2%2Fcategories&post=12475"},{"taxonomy":"post_tag","embeddable":true,"href":"https:\/\/www.frankensicht.de\/index.php?rest_route=%2Fwp%2Fv2%2Ftags&post=12475"}],"curies":[{"name":"wp","href":"https:\/\/api.w.org\/{rel}","templated":true}]}}