{"id":12473,"date":"2019-04-26T08:41:11","date_gmt":"2019-04-26T06:41:11","guid":{"rendered":"http:\/\/www.frankensicht.de\/?p=12473"},"modified":"2019-04-26T08:41:11","modified_gmt":"2019-04-26T06:41:11","slug":"deutsch-franzoesische-erklaerung-zur-lage-in-der-ukraine","status":"publish","type":"post","link":"https:\/\/www.frankensicht.de\/?p=12473","title":{"rendered":"Deutsch-franz\u00f6sische Erkl\u00e4rung zur Lage in der Ukraine"},"content":{"rendered":"<p><span style=\"color: #ff0000;\">Berlin &#8211; Paris:<\/span><\/p>\n<p>Deutsch-franz\u00f6sische Erkl\u00e4rung zur Lage in der Ukraine<\/p>\n<p><a href=\"https:\/\/www.frankensicht.de\/?attachment_id=6708\" rel=\"attachment wp-att-6708\"><img loading=\"lazy\" decoding=\"async\" class=\"alignnone size-medium wp-image-6708\" src=\"https:\/\/www.frankensicht.de\/wp-content\/uploads\/2014\/01\/russland-300x199.png\" alt=\"\" width=\"300\" height=\"199\" srcset=\"https:\/\/www.frankensicht.de\/wp-content\/uploads\/2014\/01\/russland-300x199.png 300w, https:\/\/www.frankensicht.de\/wp-content\/uploads\/2014\/01\/russland-220x146.png 220w, https:\/\/www.frankensicht.de\/wp-content\/uploads\/2014\/01\/russland.png 800w\" sizes=\"auto, (max-width: 300px) 100vw, 300px\" \/><\/a><br \/>\nEin Sprecher des Ausw\u00e4rtigen Amts erkl\u00e4rte heute (25.04.):<br \/>\n&#8222;Gemeinsam mit unserem franz\u00f6sischen Partner im Normandie-Format verurteilt die Bundesregierung die Ver\u00f6ffentlichung eines Dekrets Russlands, das darauf abzielt, die Verleihung der russischen Staatsangeh\u00f6rigkeit f\u00fcr die Bev\u00f6lkerung mit Wohnsitz in bestimmten Regionen der ukrainischen Oblaste Luhansk und Donezk zu erleichtern. Diese Regionen, wie auch der gesamte Donbass, sind Teil des ukrainischen Staatsgebiets.\u00a0Die vereinfachte Erteilung der russischen Staatsb\u00fcrgerschaft an die dort lebenden ukrainischen B\u00fcrgerinnen und B\u00fcrger widerspricht Geist und Zielen der Minsker Vereinbarungen.\u00a0Dies ist das Gegenteil des jetzt dringend gebotenen Beitrags zur Deeskalation.&#8220;<\/p>\n<p>Quelle:auswaertiges-amt.de<\/p>\n","protected":false},"excerpt":{"rendered":"<p>Berlin &#8211; Paris: Deutsch-franz\u00f6sische Erkl\u00e4rung zur Lage in der Ukraine Ein Sprecher des Ausw\u00e4rtigen Amts erkl\u00e4rte heute (25.04.): &#8222;Gemeinsam mit unserem franz\u00f6sischen Partner im Normandie-Format verurteilt die Bundesregierung die Ver\u00f6ffentlichung eines Dekrets Russlands, das darauf abzielt, die Verleihung der russischen Staatsangeh\u00f6rigkeit f\u00fcr die Bev\u00f6lkerung mit Wohnsitz in bestimmten Regionen der ukrainischen Oblaste Luhansk und Donezk [&hellip;]<\/p>\n","protected":false},"author":7,"featured_media":6708,"comment_status":"closed","ping_status":"open","sticky":false,"template":"","format":"standard","meta":{"footnotes":""},"categories":[44,3,30],"tags":[1589],"class_list":["post-12473","post","type-post","status-publish","format-standard","has-post-thumbnail","hentry","category-deutschland-2","category-news","category-welt","tag-ukraine"],"_links":{"self":[{"href":"https:\/\/www.frankensicht.de\/index.php?rest_route=\/wp\/v2\/posts\/12473","targetHints":{"allow":["GET"]}}],"collection":[{"href":"https:\/\/www.frankensicht.de\/index.php?rest_route=\/wp\/v2\/posts"}],"about":[{"href":"https:\/\/www.frankensicht.de\/index.php?rest_route=\/wp\/v2\/types\/post"}],"author":[{"embeddable":true,"href":"https:\/\/www.frankensicht.de\/index.php?rest_route=\/wp\/v2\/users\/7"}],"replies":[{"embeddable":true,"href":"https:\/\/www.frankensicht.de\/index.php?rest_route=%2Fwp%2Fv2%2Fcomments&post=12473"}],"version-history":[{"count":1,"href":"https:\/\/www.frankensicht.de\/index.php?rest_route=\/wp\/v2\/posts\/12473\/revisions"}],"predecessor-version":[{"id":12474,"href":"https:\/\/www.frankensicht.de\/index.php?rest_route=\/wp\/v2\/posts\/12473\/revisions\/12474"}],"wp:featuredmedia":[{"embeddable":true,"href":"https:\/\/www.frankensicht.de\/index.php?rest_route=\/wp\/v2\/media\/6708"}],"wp:attachment":[{"href":"https:\/\/www.frankensicht.de\/index.php?rest_route=%2Fwp%2Fv2%2Fmedia&parent=12473"}],"wp:term":[{"taxonomy":"category","embeddable":true,"href":"https:\/\/www.frankensicht.de\/index.php?rest_route=%2Fwp%2Fv2%2Fcategories&post=12473"},{"taxonomy":"post_tag","embeddable":true,"href":"https:\/\/www.frankensicht.de\/index.php?rest_route=%2Fwp%2Fv2%2Ftags&post=12473"}],"curies":[{"name":"wp","href":"https:\/\/api.w.org\/{rel}","templated":true}]}}