{"id":12471,"date":"2019-04-25T08:42:40","date_gmt":"2019-04-25T06:42:40","guid":{"rendered":"http:\/\/www.frankensicht.de\/?p=12471"},"modified":"2019-04-25T08:42:40","modified_gmt":"2019-04-25T06:42:40","slug":"bayerisches-messebeteiligungsprogramm-2019-2020","status":"publish","type":"post","link":"https:\/\/www.frankensicht.de\/?p=12471","title":{"rendered":"Bayerisches Messebeteiligungsprogramm 2019\/2020"},"content":{"rendered":"<p>M\u00fcnchen:<\/p>\n<p>Bayerisches Messebeteiligungsprogramm 2019\/2020<\/p>\n<p>Aiwanger: &#8222;Messeprogramm setzt Akzente in Asien und Europa&#8220;<\/p>\n<p>Bayerns Wirtschaft ist international weiterhin gut in Fahrt. Mit rund 50 Messebeteiligungen in 26 L\u00e4ndern wird kleinen und mittleren Betrieben (KMUs) in Bayern ein attraktives Programm f\u00fcr 2019 und 2020 angeboten. Das Messeprogramm unterst\u00fctzt bayerische KMUs bei der Internationalisierung und setzt dabei Schwerpunkte in den f\u00fcr Bayern wichtigsten Exportm\u00e4rkten, den USA, Asien und Europa. Bayerns Wirtschaftsminister Hubert Aiwanger: &amp;bdquo;Die Bedeutung der Absatzm\u00e4rkte in Asien und Europa nimmt beim Messeangebot 2020 weiter zu. In Asien und Europa finden jeweils ein Drittel der Messebeteiligungen statt. Aber auch in Nordamerika zeigen wir weiterhin Pr\u00e4senz.&amp;ldquo; In Asien r\u00fccken neben China die ASEAN-Staaten weiter in den Vordergrund. Dort bietet auch der Ausbau der &amp;bdquo;Seidenstra\u00dfen-Initiative&amp;ldquo; der chinesischen Staatsregierung Ankn\u00fcpfungspunkte f\u00fcr die bayerische Wirtschaft. Abgerundet wird das Angebot mit Messebeteiligungen in Lateinamerika, dem Nahen Osten, den GUS-Staaten und Afrika.<\/p>\n<p><a href=\"https:\/\/www.frankensicht.de\/?attachment_id=7610\" rel=\"attachment wp-att-7610\"><img loading=\"lazy\" decoding=\"async\" class=\"alignnone size-medium wp-image-7610\" src=\"https:\/\/www.frankensicht.de\/wp-content\/uploads\/2014\/09\/bayern-300x180.png\" alt=\"\" width=\"300\" height=\"180\" srcset=\"https:\/\/www.frankensicht.de\/wp-content\/uploads\/2014\/09\/bayern-300x180.png 300w, https:\/\/www.frankensicht.de\/wp-content\/uploads\/2014\/09\/bayern.png 1000w\" sizes=\"auto, (max-width: 300px) 100vw, 300px\" \/><\/a><\/p>\n<p>Das Thema Digitalisierung nimmt beim Messebeteiligungsprogramm einen immer st\u00e4rkeren Raum ein, daher wird das Angebot zum Beispiel zu Smart Cities, Internet of Things (IoT), Cybersecurity, IT &amp; Health Care, Digitalisierung der Industrie und Kultur- und Kreativwirtschaft ausgebaut.<br \/>\nAiwanger weiter: &amp;bdquo;Insbesondere f\u00fcr kleine und mittlere Unternehmen stellen wir spezialisierte Angebote f\u00fcr das Zukunftsthema Digitalisierung zur Verf\u00fcgung.&amp;ldquo;<\/p>\n<p>Durch die Teilnahme am Bayerischen Messebeteiligungsprogramm profitieren bayerische Unternehmen von den Serviceleistungen von Bayern International und seinen Partnern im In- und Ausland. Weitere Informationen finden Sie unter http:\/\/www.bayern-international.de.<\/p>\n<p>Quelle:stmwi.bayern.de<\/p>\n","protected":false},"excerpt":{"rendered":"<p>M\u00fcnchen: Bayerisches Messebeteiligungsprogramm 2019\/2020 Aiwanger: &#8222;Messeprogramm setzt Akzente in Asien und Europa&#8220; Bayerns Wirtschaft ist international weiterhin gut in Fahrt. Mit rund 50 Messebeteiligungen in 26 L\u00e4ndern wird kleinen und mittleren Betrieben (KMUs) in Bayern ein attraktives Programm f\u00fcr 2019 und 2020 angeboten. Das Messeprogramm unterst\u00fctzt bayerische KMUs bei der Internationalisierung und setzt dabei Schwerpunkte [&hellip;]<\/p>\n","protected":false},"author":7,"featured_media":7610,"comment_status":"closed","ping_status":"open","sticky":false,"template":"","format":"standard","meta":{"footnotes":""},"categories":[78,71],"tags":[2821],"class_list":["post-12471","post","type-post","status-publish","format-standard","has-post-thumbnail","hentry","category-bayern","category-menue","tag-messeprogrmm-2019-2020"],"_links":{"self":[{"href":"https:\/\/www.frankensicht.de\/index.php?rest_route=\/wp\/v2\/posts\/12471","targetHints":{"allow":["GET"]}}],"collection":[{"href":"https:\/\/www.frankensicht.de\/index.php?rest_route=\/wp\/v2\/posts"}],"about":[{"href":"https:\/\/www.frankensicht.de\/index.php?rest_route=\/wp\/v2\/types\/post"}],"author":[{"embeddable":true,"href":"https:\/\/www.frankensicht.de\/index.php?rest_route=\/wp\/v2\/users\/7"}],"replies":[{"embeddable":true,"href":"https:\/\/www.frankensicht.de\/index.php?rest_route=%2Fwp%2Fv2%2Fcomments&post=12471"}],"version-history":[{"count":1,"href":"https:\/\/www.frankensicht.de\/index.php?rest_route=\/wp\/v2\/posts\/12471\/revisions"}],"predecessor-version":[{"id":12472,"href":"https:\/\/www.frankensicht.de\/index.php?rest_route=\/wp\/v2\/posts\/12471\/revisions\/12472"}],"wp:featuredmedia":[{"embeddable":true,"href":"https:\/\/www.frankensicht.de\/index.php?rest_route=\/wp\/v2\/media\/7610"}],"wp:attachment":[{"href":"https:\/\/www.frankensicht.de\/index.php?rest_route=%2Fwp%2Fv2%2Fmedia&parent=12471"}],"wp:term":[{"taxonomy":"category","embeddable":true,"href":"https:\/\/www.frankensicht.de\/index.php?rest_route=%2Fwp%2Fv2%2Fcategories&post=12471"},{"taxonomy":"post_tag","embeddable":true,"href":"https:\/\/www.frankensicht.de\/index.php?rest_route=%2Fwp%2Fv2%2Ftags&post=12471"}],"curies":[{"name":"wp","href":"https:\/\/api.w.org\/{rel}","templated":true}]}}