{"id":12464,"date":"2019-04-23T07:49:51","date_gmt":"2019-04-23T05:49:51","guid":{"rendered":"http:\/\/www.frankensicht.de\/?p=12464"},"modified":"2019-04-23T07:49:51","modified_gmt":"2019-04-23T05:49:51","slug":"menschenrechtsbeauftragte-kofler-zu-aegypten","status":"publish","type":"post","link":"https:\/\/www.frankensicht.de\/?p=12464","title":{"rendered":"Menschenrechtsbeauftragte Kofler zu \u00c4gypten"},"content":{"rendered":"<p><span style=\"color: #ff0000;\">Berlin:<\/span><\/p>\n<p>Menschenrechtsbeauftragte Kofler zu \u00c4gypten<\/p>\n<p><a href=\"https:\/\/www.frankensicht.de\/?attachment_id=12465\" rel=\"attachment wp-att-12465\"><img loading=\"lazy\" decoding=\"async\" class=\"alignnone size-medium wp-image-12465\" src=\"https:\/\/www.frankensicht.de\/wp-content\/uploads\/2019\/04\/aegypten-300x200.png\" alt=\"\" width=\"300\" height=\"200\" srcset=\"https:\/\/www.frankensicht.de\/wp-content\/uploads\/2019\/04\/aegypten-300x200.png 300w, https:\/\/www.frankensicht.de\/wp-content\/uploads\/2019\/04\/aegypten-768x512.png 768w, https:\/\/www.frankensicht.de\/wp-content\/uploads\/2019\/04\/aegypten-1024x682.png 1024w, https:\/\/www.frankensicht.de\/wp-content\/uploads\/2019\/04\/aegypten-220x146.png 220w, https:\/\/www.frankensicht.de\/wp-content\/uploads\/2019\/04\/aegypten.png 1280w\" sizes=\"auto, (max-width: 300px) 100vw, 300px\" \/><\/a><br \/>\nZu den geplanten Verfassungs\u00e4nderungen in \u00c4gypten sagte die Beauftragte der Bundesregierung f\u00fcr Menschenrechtspolitik und Humanit\u00e4re Hilfe im Ausw\u00e4rtigen Amt, B\u00e4rbel Kofler, heute (18.04.):<br \/>\n&#8222;Bei dem anstehenden Referendum sind die \u00c4gypterinnen und \u00c4gypter aufgerufen, \u00fcber weitreichende Verfassungs\u00e4nderungen abzustimmen. Diese k\u00f6nnten die Gewaltenteilung und die freie demokratische Meinungsbildung ma\u00dfgeblich beeintr\u00e4chtigen. Ich bef\u00fcrchte insbesondere, dass sich damit die ohnehin schon massiv beschnittenen Handlungsspielr\u00e4ume f\u00fcr die Zivilgesellschaft in \u00c4gypten weiter verengen k\u00f6nnten. Momentan befindet sich die Neufassung des NGO-Gesetzes im parlamentarischen Prozess. Ich appelliere weiterhin an die Verantwortlichen in \u00c4gypten dies dazu zu nutzen, die Spielr\u00e4ume f\u00fcr die Zivilgesellschaft zu erweitern und zu sch\u00fctzen.&#8220;<br \/>\nHintergrund:<br \/>\nAm 16.04. hat das \u00e4gyptische Parlament einen Antrag auf eine Reihe von Verfassungs\u00e4nderungen mit der notwendigen Zweidrittelmehrheit angenommen. Vom 22. bis 24.04.2019 wird ein Referendum abgehalten, um diese zu best\u00e4tigen.<\/p>\n<p>Quelle:auswaertiges-amt.de<\/p>\n","protected":false},"excerpt":{"rendered":"<p>Berlin: Menschenrechtsbeauftragte Kofler zu \u00c4gypten Zu den geplanten Verfassungs\u00e4nderungen in \u00c4gypten sagte die Beauftragte der Bundesregierung f\u00fcr Menschenrechtspolitik und Humanit\u00e4re Hilfe im Ausw\u00e4rtigen Amt, B\u00e4rbel Kofler, heute (18.04.): &#8222;Bei dem anstehenden Referendum sind die \u00c4gypterinnen und \u00c4gypter aufgerufen, \u00fcber weitreichende Verfassungs\u00e4nderungen abzustimmen. Diese k\u00f6nnten die Gewaltenteilung und die freie demokratische Meinungsbildung ma\u00dfgeblich beeintr\u00e4chtigen. Ich bef\u00fcrchte [&hellip;]<\/p>\n","protected":false},"author":7,"featured_media":12465,"comment_status":"closed","ping_status":"open","sticky":false,"template":"","format":"standard","meta":{"footnotes":""},"categories":[3,30],"tags":[2275],"class_list":["post-12464","post","type-post","status-publish","format-standard","has-post-thumbnail","hentry","category-news","category-welt","tag-aegypten"],"_links":{"self":[{"href":"https:\/\/www.frankensicht.de\/index.php?rest_route=\/wp\/v2\/posts\/12464","targetHints":{"allow":["GET"]}}],"collection":[{"href":"https:\/\/www.frankensicht.de\/index.php?rest_route=\/wp\/v2\/posts"}],"about":[{"href":"https:\/\/www.frankensicht.de\/index.php?rest_route=\/wp\/v2\/types\/post"}],"author":[{"embeddable":true,"href":"https:\/\/www.frankensicht.de\/index.php?rest_route=\/wp\/v2\/users\/7"}],"replies":[{"embeddable":true,"href":"https:\/\/www.frankensicht.de\/index.php?rest_route=%2Fwp%2Fv2%2Fcomments&post=12464"}],"version-history":[{"count":1,"href":"https:\/\/www.frankensicht.de\/index.php?rest_route=\/wp\/v2\/posts\/12464\/revisions"}],"predecessor-version":[{"id":12466,"href":"https:\/\/www.frankensicht.de\/index.php?rest_route=\/wp\/v2\/posts\/12464\/revisions\/12466"}],"wp:featuredmedia":[{"embeddable":true,"href":"https:\/\/www.frankensicht.de\/index.php?rest_route=\/wp\/v2\/media\/12465"}],"wp:attachment":[{"href":"https:\/\/www.frankensicht.de\/index.php?rest_route=%2Fwp%2Fv2%2Fmedia&parent=12464"}],"wp:term":[{"taxonomy":"category","embeddable":true,"href":"https:\/\/www.frankensicht.de\/index.php?rest_route=%2Fwp%2Fv2%2Fcategories&post=12464"},{"taxonomy":"post_tag","embeddable":true,"href":"https:\/\/www.frankensicht.de\/index.php?rest_route=%2Fwp%2Fv2%2Ftags&post=12464"}],"curies":[{"name":"wp","href":"https:\/\/api.w.org\/{rel}","templated":true}]}}