{"id":12448,"date":"2019-04-16T08:25:39","date_gmt":"2019-04-16T06:25:39","guid":{"rendered":"http:\/\/www.frankensicht.de\/?p=12448"},"modified":"2019-04-16T08:25:39","modified_gmt":"2019-04-16T06:25:39","slug":"kultusminister-michael-piazolo-gedenkt-im-ehemaligen-kz-flossenbuerg-der-opfer-des-ns-regimes","status":"publish","type":"post","link":"https:\/\/www.frankensicht.de\/?p=12448","title":{"rendered":"Kultusminister Michael Piazolo gedenkt im ehemaligen KZ Flossenb\u00fcrg der Opfer des NS-Regimes"},"content":{"rendered":"<p><span style=\"color: #ff0000;\">M\u00fcnchen:<\/span><\/p>\n<p>Kultusminister Michael Piazolo gedenkt im ehemaligen KZ Flossenb\u00fcrg der Opfer des NS-Regimes<\/p>\n<p>&#8222;Achtung von Menschenw\u00fcrde, Demokratie und Rechtsstaatlichkeit muss selbstverst\u00e4ndlich sein&#8220;<\/p>\n<p>Zum 74. Jahrestag der Befreiung des Konzentrationslagers Flossenb\u00fcrg hat Kultusminister Michael Piazolo zusammen mit \u00dcberlebenden des KZ und der Stiftung Bayerische Gedenkst\u00e4tten der Opfer des Nationalsozialismus gedacht. Im Rahmen der Gedenkveranstaltung erkl\u00e4rte Piazolo: \u201eEs ist unsere Pflicht, der Opfer, die hier in Flossenb\u00fcrg oder an unz\u00e4hligen anderen Orten unter den Verbrechen der Nationalsozialisten gelitten haben, zu gedenken, und an das unendliche Leid von Millionen von Menschen zu erinnern.\u201c Er appellierte an alle, gemeinsam daf\u00fcr einzustehen, dass derartige Verbrechen nie wieder geschehen. \u201eDie Achtung von Menschenw\u00fcrde, Demokratie und Rechtsstaatlichkeit muss selbstverst\u00e4ndlich sein\u201c, so der Minister.<\/p>\n<p><a href=\"https:\/\/www.frankensicht.de\/?attachment_id=3355\" rel=\"attachment wp-att-3355\"><img loading=\"lazy\" decoding=\"async\" class=\"alignnone size-medium wp-image-3355\" src=\"https:\/\/www.frankensicht.de\/wp-content\/uploads\/2012\/07\/kreuz-der-einheit-224x300.jpg\" alt=\"\" width=\"224\" height=\"300\" srcset=\"https:\/\/www.frankensicht.de\/wp-content\/uploads\/2012\/07\/kreuz-der-einheit-224x300.jpg 224w, https:\/\/www.frankensicht.de\/wp-content\/uploads\/2012\/07\/kreuz-der-einheit.jpg 395w\" sizes=\"auto, (max-width: 224px) 100vw, 224px\" \/><\/a><\/p>\n<p>Die Erinnerungskultur hat in Bayern einen hohen Stellenwert: Sie wird gemeinsam mit den \u00dcberlebenden, der Stiftung Bayerische Gedenkst\u00e4tten und den Partnern in der schulischen und au\u00dferschulischen Bildungsarbeit nachhaltig und verantwortungsvoll gestaltet. Piazolo betonte dabei die Bedeutung der Gedenkst\u00e4ttenp\u00e4dagogik. Vielf\u00e4ltige Bildungsangebote wie Ausstellungen, Rundg\u00e4nge oder Seminare erm\u00f6glichen am historischen Ort eine kritische Auseinandersetzung mit der nationalsozialistischen Vergangenheit.<\/p>\n<p>Die KZ-Gedenkst\u00e4tte Flossenb\u00fcrg bewahrt die Erinnerung an die rund 84.000 M\u00e4nner und 16.000 Frauen aus \u00fcber 30 L\u00e4ndern, die zwischen 1938 und 1945 im Konzentrationslager Flossenb\u00fcrg und seinen Au\u00dfenlagern inhaftiert waren.<\/p>\n<p>Quelle:stmuk.bayern.de<\/p>\n","protected":false},"excerpt":{"rendered":"<p>M\u00fcnchen: Kultusminister Michael Piazolo gedenkt im ehemaligen KZ Flossenb\u00fcrg der Opfer des NS-Regimes &#8222;Achtung von Menschenw\u00fcrde, Demokratie und Rechtsstaatlichkeit muss selbstverst\u00e4ndlich sein&#8220; Zum 74. Jahrestag der Befreiung des Konzentrationslagers Flossenb\u00fcrg hat Kultusminister Michael Piazolo zusammen mit \u00dcberlebenden des KZ und der Stiftung Bayerische Gedenkst\u00e4tten der Opfer des Nationalsozialismus gedacht. Im Rahmen der Gedenkveranstaltung erkl\u00e4rte Piazolo: [&hellip;]<\/p>\n","protected":false},"author":7,"featured_media":3355,"comment_status":"closed","ping_status":"open","sticky":false,"template":"","format":"standard","meta":{"footnotes":""},"categories":[78,71],"tags":[2814],"class_list":["post-12448","post","type-post","status-publish","format-standard","has-post-thumbnail","hentry","category-bayern","category-menue","tag-kfz-flossenbuerg"],"_links":{"self":[{"href":"https:\/\/www.frankensicht.de\/index.php?rest_route=\/wp\/v2\/posts\/12448","targetHints":{"allow":["GET"]}}],"collection":[{"href":"https:\/\/www.frankensicht.de\/index.php?rest_route=\/wp\/v2\/posts"}],"about":[{"href":"https:\/\/www.frankensicht.de\/index.php?rest_route=\/wp\/v2\/types\/post"}],"author":[{"embeddable":true,"href":"https:\/\/www.frankensicht.de\/index.php?rest_route=\/wp\/v2\/users\/7"}],"replies":[{"embeddable":true,"href":"https:\/\/www.frankensicht.de\/index.php?rest_route=%2Fwp%2Fv2%2Fcomments&post=12448"}],"version-history":[{"count":2,"href":"https:\/\/www.frankensicht.de\/index.php?rest_route=\/wp\/v2\/posts\/12448\/revisions"}],"predecessor-version":[{"id":12450,"href":"https:\/\/www.frankensicht.de\/index.php?rest_route=\/wp\/v2\/posts\/12448\/revisions\/12450"}],"wp:featuredmedia":[{"embeddable":true,"href":"https:\/\/www.frankensicht.de\/index.php?rest_route=\/wp\/v2\/media\/3355"}],"wp:attachment":[{"href":"https:\/\/www.frankensicht.de\/index.php?rest_route=%2Fwp%2Fv2%2Fmedia&parent=12448"}],"wp:term":[{"taxonomy":"category","embeddable":true,"href":"https:\/\/www.frankensicht.de\/index.php?rest_route=%2Fwp%2Fv2%2Fcategories&post=12448"},{"taxonomy":"post_tag","embeddable":true,"href":"https:\/\/www.frankensicht.de\/index.php?rest_route=%2Fwp%2Fv2%2Ftags&post=12448"}],"curies":[{"name":"wp","href":"https:\/\/api.w.org\/{rel}","templated":true}]}}