{"id":12442,"date":"2019-04-12T08:18:40","date_gmt":"2019-04-12T06:18:40","guid":{"rendered":"http:\/\/www.frankensicht.de\/?p=12442"},"modified":"2019-04-12T08:18:40","modified_gmt":"2019-04-12T06:18:40","slug":"huml-treibt-die-digitalisierung-in-der-pflege-weiter-voran","status":"publish","type":"post","link":"https:\/\/www.frankensicht.de\/?p=12442","title":{"rendered":"Huml treibt die Digitalisierung in der Pflege weiter voran"},"content":{"rendered":"<p><span style=\"color: #ff0000;\">M\u00fcnchen:<\/span><\/p>\n<p>Huml treibt die Digitalisierung in der Pflege weiter voran &#8211; Gesundheitsministerin informiert anl\u00e4sslich des Bayerischen Fachtags &#8222;Pflege Digital 2019&#8220; \u00fcber bayernweite Projekte<\/p>\n<p>Bayerns Gesundheits- und Pflegeministerin Melanie Huml treibt die Digitalisierung in der Pflege weiter voran. Huml betonte am Donnerstag in M\u00fcnchen anl\u00e4sslich des Bayerischen Fachtags zur &#8222;Pflege Digital 2019&#8220;: &#8222;Gerade in der Pflege bieten digitale Anwendungen enorme Chancen. Die Zahl der Pflegebed\u00fcrftigen in Bayern wird Sch\u00e4tzungen zufolge auf rund 3,4 Millionen Menschen im Jahr 2030 ansteigen. Digitale Technik kann Pflegekr\u00e4fte und pflegende Angeh\u00f6rige entlasten.&#8220;<\/p>\n<p>Die Ministerin unterstrich: &#8222;Das bayerische Gesundheits- und Pflegeministerium f\u00f6rdert eine Vielzahl von Projekten, damit B\u00fcrgerinnen und B\u00fcrger im Pflegebereich k\u00fcnftig noch besser versorgt werden k\u00f6nnen. Die Bayerische Staatsregierung investiert mit der Strategie BAYERN DIGITAL bis 2022 insgesamt sechs Milliarden Euro f\u00fcr Digitalisierungsprojekte, insbesondere auch in den Bereichen Gesundheit und Pflege.&#8220;<\/p>\n<p><a href=\"https:\/\/www.frankensicht.de\/?attachment_id=11259\" rel=\"attachment wp-att-11259\"><img loading=\"lazy\" decoding=\"async\" class=\"alignnone size-medium wp-image-11259\" src=\"https:\/\/www.frankensicht.de\/wp-content\/uploads\/2017\/12\/computer1-300x225.jpeg\" alt=\"\" width=\"300\" height=\"225\" srcset=\"https:\/\/www.frankensicht.de\/wp-content\/uploads\/2017\/12\/computer1-300x225.jpeg 300w, https:\/\/www.frankensicht.de\/wp-content\/uploads\/2017\/12\/computer1.jpeg 430w\" sizes=\"auto, (max-width: 300px) 100vw, 300px\" \/><\/a><\/p>\n<p>Huml erg\u00e4nzte: &#8222;Klar ist aber auch: Der Mensch muss dabei immer im Mittelpunkt stehen. Wir f\u00f6rdern digitale Pflege nur, wenn und soweit die pflegebed\u00fcrftigen Menschen dies wollen und Angeh\u00f6rige und Pflegekr\u00e4fte die neuen M\u00f6glichkeiten tats\u00e4chlich nutzen. Dabei muss die neue Technik praxistauglich sein. Das gelingt nur, wenn wir die Praktiker aus der Pflege noch konsequenter als bisher in die Entwicklung digitaler L\u00f6sungen einbeziehen.&#8220;<\/p>\n<p>Die Ministerin warb zugleich f\u00fcr mehr Akzeptanz von digitalen Anwendungen im Pflegebereich: &#8222;Wir brauchen eine digitale Pflege, die von den Pflegenden und den Pflegebed\u00fcrftigen akzeptiert wird. Deshalb m\u00fcssen Angeh\u00f6rige und Pflegekr\u00e4fte die neuen Technologien sicher anwenden k\u00f6nnen. Und digitale Pflege muss gleichzeitig mehr Zeit f\u00fcr den pers\u00f6nlichen Umgang mit den Pflegebed\u00fcrftigen erm\u00f6glichen.&#8220;<\/p>\n<p>Huml f\u00fcgte hinzu: &#8222;Mein Ziel ist es dar\u00fcber hinaus, die B\u00fcrgerinnen und B\u00fcrger noch besser \u00fcber die neuen M\u00f6glichkeiten der digitalen Pflege zu informieren. Dazu dienen unter anderem unser Fachtag &#8218;Pflege Digital 2019&#8216; und unsere erfolgreiche Fachtagung &#8218;Gestaltung von Digitalisierung und Technik in der Pflege&#8216; mit namhaften Experten aus der Wissenschaft und mehr als 110 G\u00e4sten. Die Fachtagung findet heuer bereits zum f\u00fcnften Mal statt.&#8220;<\/p>\n<p>Beim Bayerischen Fachtag &#8222;Pflege Digital 2019&#8220; wurden am Donnerstag bayernweit diverse Digitalisierungsprojekte vorgestellt, die vom bayerischen Gesundheitsministerium gef\u00f6rdert werden:<br \/>\n&#8222;Pflegeroboter Pepper&#8220; zur Unterst\u00fctzung im Pflegealltag in der Tagespflegeeinrichtung &#8218;Ursula Wiegand&#8216; der Caritas Sozialstation St. Johannes e.V. im unterfr\u00e4nkischen Erlenbach, F\u00f6rdersumme StMGP 36.000 Euro;<\/p>\n<p>&#8222;9 x Selbstbestimmt Wohnen in Oberfranken&#8220; untersucht an 9 Standorten in Oberfranken, ob und unter welchen Voraussetzungen technische digitale L\u00f6sungen (Ambient Assisted Living &#8211; AAL) die ambulante Pflege unterst\u00fctzen und entlasten k\u00f6nnen, F\u00f6rdersumme StMGP rund 577.000 Euro;<\/p>\n<p>&#8222;DeinHaus 4.0&#8220; zur Darstellung eines vorbildlichen Pflegewohnumfelds f\u00fcr Pflegebed\u00fcrftige an der Technischen Hochschule im niederbayerischen Deggendorf, F\u00f6rdersumme StMGP 4,5 Millionen Euro;<\/p>\n<p>&#8222;Digi-ORT&#8220; (Digitale medizinisch-pflegerische Versorgung und assistiertes Wohnen) im Oberen Rodachtal im oberfr\u00e4nkischen Landkreis Kronach zur Entwicklung und Erprobung einer Plattform zum Datenaustausch zwischen h\u00e4uslicher Umgebung von Pflegebed\u00fcrftigen, Haus\u00e4rzten, ambulanten Pflegediensten, einer lokalen Anlaufstelle und einem ehrenamtlichen Begleitdienst, F\u00f6rdersumme StMGP rund 2,4 Millionen Euro und<\/p>\n<p>&#8222;MeDiLand&#8220; (Medizin Digital zur Verbesserung der Versorgung auf dem Land) der TH Deggendorf im Gemeindeverbund Spiegelau-Frauenau in Niederbayern zur Erprobung eines Vitaldatenaustauschs einschlie\u00dflich Videokommunikation zwischen Praxisassistentinnen (TeleVERAHs) und Pflegediensten zu Haus\u00e4rzten und den beiden regionalen Krankenh\u00e4usern, F\u00f6rdersumme StMGP 330.000 Euro.<\/p>\n<p>Quelle:stmgp.bayern.de<\/p>\n","protected":false},"excerpt":{"rendered":"<p>M\u00fcnchen: Huml treibt die Digitalisierung in der Pflege weiter voran &#8211; Gesundheitsministerin informiert anl\u00e4sslich des Bayerischen Fachtags &#8222;Pflege Digital 2019&#8220; \u00fcber bayernweite Projekte Bayerns Gesundheits- und Pflegeministerin Melanie Huml treibt die Digitalisierung in der Pflege weiter voran. Huml betonte am Donnerstag in M\u00fcnchen anl\u00e4sslich des Bayerischen Fachtags zur &#8222;Pflege Digital 2019&#8220;: &#8222;Gerade in der Pflege [&hellip;]<\/p>\n","protected":false},"author":7,"featured_media":9169,"comment_status":"closed","ping_status":"open","sticky":false,"template":"","format":"standard","meta":{"footnotes":""},"categories":[78,71],"tags":[2811],"class_list":["post-12442","post","type-post","status-publish","format-standard","has-post-thumbnail","hentry","category-bayern","category-menue","tag-pflegedigitalisierung"],"_links":{"self":[{"href":"https:\/\/www.frankensicht.de\/index.php?rest_route=\/wp\/v2\/posts\/12442","targetHints":{"allow":["GET"]}}],"collection":[{"href":"https:\/\/www.frankensicht.de\/index.php?rest_route=\/wp\/v2\/posts"}],"about":[{"href":"https:\/\/www.frankensicht.de\/index.php?rest_route=\/wp\/v2\/types\/post"}],"author":[{"embeddable":true,"href":"https:\/\/www.frankensicht.de\/index.php?rest_route=\/wp\/v2\/users\/7"}],"replies":[{"embeddable":true,"href":"https:\/\/www.frankensicht.de\/index.php?rest_route=%2Fwp%2Fv2%2Fcomments&post=12442"}],"version-history":[{"count":1,"href":"https:\/\/www.frankensicht.de\/index.php?rest_route=\/wp\/v2\/posts\/12442\/revisions"}],"predecessor-version":[{"id":12443,"href":"https:\/\/www.frankensicht.de\/index.php?rest_route=\/wp\/v2\/posts\/12442\/revisions\/12443"}],"wp:featuredmedia":[{"embeddable":true,"href":"https:\/\/www.frankensicht.de\/index.php?rest_route=\/wp\/v2\/media\/9169"}],"wp:attachment":[{"href":"https:\/\/www.frankensicht.de\/index.php?rest_route=%2Fwp%2Fv2%2Fmedia&parent=12442"}],"wp:term":[{"taxonomy":"category","embeddable":true,"href":"https:\/\/www.frankensicht.de\/index.php?rest_route=%2Fwp%2Fv2%2Fcategories&post=12442"},{"taxonomy":"post_tag","embeddable":true,"href":"https:\/\/www.frankensicht.de\/index.php?rest_route=%2Fwp%2Fv2%2Ftags&post=12442"}],"curies":[{"name":"wp","href":"https:\/\/api.w.org\/{rel}","templated":true}]}}