{"id":12424,"date":"2019-04-05T08:45:15","date_gmt":"2019-04-05T06:45:15","guid":{"rendered":"http:\/\/www.frankensicht.de\/?p=12424"},"modified":"2019-04-05T08:45:15","modified_gmt":"2019-04-05T06:45:15","slug":"offene-schulstunde-mit-ministerin-kinder-muessen-ihre-rechte-kennen","status":"publish","type":"post","link":"https:\/\/www.frankensicht.de\/?p=12424","title":{"rendered":"Offene Schulstunde mit Ministerin: Kinder m\u00fcssen ihre Rechte kennen"},"content":{"rendered":"<p><span style=\"color: #ff0000;\">Berlin:<\/span><\/p>\n<p>Offene Schulstunde mit Ministerin: Kinder m\u00fcssen ihre Rechte kennen<\/p>\n<p>Bundesfamilienministerin Giffey stellt kindgerechte Fassung des Staatenberichts zur UN-Kinderrechtskonvention vor und diskutiert dar\u00fcber mit Sch\u00fclerinnen und Sch\u00fclern<\/p>\n<p>Die Bundesregierung hat heute (Donnerstag) bei den Vereinten Nationen in Genf den F\u00fcnften und Sechsten Staatenbericht der Bundesrepublik Deutschland zum \u00dcbereinkommen \u00fcber die Rechte des Kindes offiziell eingereicht. Zugleich ist der Bericht zur sogenannten UN-Kinderrechtskonvention in einer kindgerechten Fassung ver\u00f6ffentlicht worden &#8211; Anlass f\u00fcr Bundesfamilienministerin Dr. Franziska Giffey, die Berliner Grundschule an der Marie, eine Kinderrechteschule des Deutschen Kinderhilfswerks, zu besuchen. In einer offenen Schulstunde diskutierte sie mit mehr als 30 Sch\u00fclerinnen und Sch\u00fclern der vierten bis sechsten Klasse \u00fcber Kinderrechte und politische Beteiligung. Tenor: Kinder wollen mitreden, vor allem wenn es um ihre Zukunft geht.<\/p>\n<p><a href=\"https:\/\/www.frankensicht.de\/?attachment_id=2831\" rel=\"attachment wp-att-2831\"><img loading=\"lazy\" decoding=\"async\" class=\"alignnone size-medium wp-image-2831\" src=\"https:\/\/www.frankensicht.de\/wp-content\/uploads\/2012\/06\/schule-300x187.jpg\" alt=\"\" width=\"300\" height=\"187\" srcset=\"https:\/\/www.frankensicht.de\/wp-content\/uploads\/2012\/06\/schule-300x187.jpg 300w, https:\/\/www.frankensicht.de\/wp-content\/uploads\/2012\/06\/schule.jpg 640w\" sizes=\"auto, (max-width: 300px) 100vw, 300px\" \/><\/a><\/p>\n<p>Bundesfamilienministerin Dr. Franziska Giffey betonte: \u201eIch m\u00f6chte, dass wir Deutschland zu einem der kinderfreundlichsten L\u00e4nder in ganz Europa machen. Der Staatenbericht zeigt anhand vieler Beispiele, dass wir auf einem guten Weg sind. Kinderrechte m\u00fcssen aber auch im Alltag gelebt werden. Das setzt voraus, dass Kinder ihre Rechte kennen. Und dass Erwachsene die Meinung von Kindern ber\u00fccksichtigen, wenn es um deren Interessen geht. Mit der kindgerechten Version des Staatenberichts sorgen wir daf\u00fcr, dass Kinder und Jugendliche sich gut informieren k\u00f6nnen, wie ihre Rechte in unserem Land umgesetzt werden. Sie erfahren darin zum Beispiel, dass wir beim Schutz vor sexueller Gewalt und Ausbeutung Verbesserungen erreicht haben &#8211; im Strafrecht, im Strafverfahren und bei der Beratung und Unterst\u00fctzung von Kindern. Als n\u00e4chsten Schritt werden wir die Kinderrechte im Grundgesetz verankern. Daf\u00fcr arbeiten wir mit dem Bundesjustizministerium in einer Bund-L\u00e4nder-Arbeitsgruppe zusammen. Es geht also nicht mehr um das \u201aOb\u2018, sondern um das \u201aWie\u2018. Sp\u00e4testens bis Ende des Jahres 2019 wird die Arbeitsgruppe einen Vorschlag vorlegen.\u201c<\/p>\n<p>Der Staatenbericht, den das Bundeskabinett im Februar verabschiedet hat, \u00a0informiert auf insgesamt mehr als 400 Seiten umfassend \u00fcber die wichtigsten Schritte zur St\u00e4rkung der Rechte von Kindern in Deutschland seit 2014. Auf Grundlage des F\u00fcnften und Sechsten Staatenberichts macht sich der Ausschuss der Vereinten Nationen f\u00fcr die Rechte des Kindes, kurz Kinderrechteausschuss, ein Bild \u00fcber die Fortschritte Deutschlands bei der Umsetzung der Kinderrechte und gibt Deutschland Empfehlungen f\u00fcr die weitere Umsetzung der Kinderrechtskonvention.<\/p>\n<p>Das Projekt \u201eKinderrechteschule\u201c des Deutschen Kinderhilfswerks wird vom Bundesministerium f\u00fcr Familie, Senioren, Frauen und Jugend (BMFSFJ) gef\u00f6rdert. In dem Projekt werden Schulen angeregt, die Vermittlung von Kinderrechten zu einem Leitgedanken zu machen. Dabei geht es vor allem darum, den Sch\u00fclerinnen und Sch\u00fclern einen konkreten Alltagsbezug zu den in der Kinderrechtskonvention festgeschriebenen Kinderrechten zu vermitteln.<\/p>\n<p>Hintergrund zur Kinderrechtskonvention:<\/p>\n<p>Das Menschenrechts\u00fcbereinkommen gilt f\u00fcr alle Kinder unter 18 Jahren und besteht aus insgesamt 54 Artikeln. Basis der Konvention sind vier Grundprinzipien: das Diskriminierungsverbot, das Recht auf Leben und pers\u00f6nliche Entwicklung, das Beteiligungsrecht und der Vorrang des Kindeswohls.<\/p>\n<p>In Deutschland gilt die Kinderrechtskonvention seit dem 5. April 1992. Deutschland hat sich damit verpflichtet, dem Ausschuss der Vereinten Nationen f\u00fcr die Rechte des Kindes, kurz Kinderrechteausschuss, gem\u00e4\u00df Artikel 44 der Kinderrechtskonvention regelm\u00e4\u00dfig Berichte \u00fcber die Umsetzung der Kinderrechte und die dabei erzielten Fortschritte vorzulegen. Mit dem F\u00fcnften und Sechsten Staatenbericht werden zwei Berichtszeitr\u00e4ume zusammengefasst. Das Bundeskabinett hatte den F\u00fcnften und Sechsten Staatenbericht am 13. Februar beschlossen.<\/p>\n<p>Den gesamten Staatenbericht finden Sie hier:<\/p>\n<p>www.bmfsfj.de\/staatenbericht-kinderrechte<\/p>\n<p>Hier der Link zur Fassung f\u00fcr Kinder und Jugendliche:<\/p>\n<p>www.bmfsfj.de\/staatenbericht-f\u00fcr-kinder-und-jugendliche<\/p>\n<p>Web-Ansicht: http:\/\/www.bmfsfj.de\/bmfsfj\/aktuelles\/presse\/pressemitteilungen\/offene-schulstunde-mit-ministerin&#8211;kinder-muessen-ihre-rechte-kennen\/135158<br \/>\nQuelle: bmfsfs.bund.de<\/p>\n<p>&nbsp;<\/p>\n","protected":false},"excerpt":{"rendered":"<p>Berlin: Offene Schulstunde mit Ministerin: Kinder m\u00fcssen ihre Rechte kennen Bundesfamilienministerin Giffey stellt kindgerechte Fassung des Staatenberichts zur UN-Kinderrechtskonvention vor und diskutiert dar\u00fcber mit Sch\u00fclerinnen und Sch\u00fclern Die Bundesregierung hat heute (Donnerstag) bei den Vereinten Nationen in Genf den F\u00fcnften und Sechsten Staatenbericht der Bundesrepublik Deutschland zum \u00dcbereinkommen \u00fcber die Rechte des Kindes offiziell eingereicht. [&hellip;]<\/p>\n","protected":false},"author":7,"featured_media":2831,"comment_status":"closed","ping_status":"open","sticky":false,"template":"","format":"standard","meta":{"footnotes":""},"categories":[44,3],"tags":[2803],"class_list":["post-12424","post","type-post","status-publish","format-standard","has-post-thumbnail","hentry","category-deutschland-2","category-news","tag-un-kinderrechtskonvention"],"_links":{"self":[{"href":"https:\/\/www.frankensicht.de\/index.php?rest_route=\/wp\/v2\/posts\/12424","targetHints":{"allow":["GET"]}}],"collection":[{"href":"https:\/\/www.frankensicht.de\/index.php?rest_route=\/wp\/v2\/posts"}],"about":[{"href":"https:\/\/www.frankensicht.de\/index.php?rest_route=\/wp\/v2\/types\/post"}],"author":[{"embeddable":true,"href":"https:\/\/www.frankensicht.de\/index.php?rest_route=\/wp\/v2\/users\/7"}],"replies":[{"embeddable":true,"href":"https:\/\/www.frankensicht.de\/index.php?rest_route=%2Fwp%2Fv2%2Fcomments&post=12424"}],"version-history":[{"count":1,"href":"https:\/\/www.frankensicht.de\/index.php?rest_route=\/wp\/v2\/posts\/12424\/revisions"}],"predecessor-version":[{"id":12425,"href":"https:\/\/www.frankensicht.de\/index.php?rest_route=\/wp\/v2\/posts\/12424\/revisions\/12425"}],"wp:featuredmedia":[{"embeddable":true,"href":"https:\/\/www.frankensicht.de\/index.php?rest_route=\/wp\/v2\/media\/2831"}],"wp:attachment":[{"href":"https:\/\/www.frankensicht.de\/index.php?rest_route=%2Fwp%2Fv2%2Fmedia&parent=12424"}],"wp:term":[{"taxonomy":"category","embeddable":true,"href":"https:\/\/www.frankensicht.de\/index.php?rest_route=%2Fwp%2Fv2%2Fcategories&post=12424"},{"taxonomy":"post_tag","embeddable":true,"href":"https:\/\/www.frankensicht.de\/index.php?rest_route=%2Fwp%2Fv2%2Ftags&post=12424"}],"curies":[{"name":"wp","href":"https:\/\/api.w.org\/{rel}","templated":true}]}}