{"id":12411,"date":"2019-04-01T08:34:30","date_gmt":"2019-04-01T06:34:30","guid":{"rendered":"http:\/\/www.frankensicht.de\/?p=12411"},"modified":"2019-04-01T08:34:30","modified_gmt":"2019-04-01T06:34:30","slug":"kompass-fuer-kommunen-umweltministerium-richtet-neue-servicestelle-ein","status":"publish","type":"post","link":"https:\/\/www.frankensicht.de\/?p=12411","title":{"rendered":"Kompass f\u00fcr Kommunen. Umweltministerium richtet neue Servicestelle ein"},"content":{"rendered":"<p><span style=\"color: #ff0000;\">M\u00fcnchen:<\/span><\/p>\n<p>Glauber: Kompass f\u00fcr Kommunen<br \/>\nUmweltministerium richtet neue Servicestelle ein<\/p>\n<p>Kommunen haben zuk\u00fcnftig einen direkten Draht ins Umweltministerium: F\u00fcr Ihre Fragen und Anliegen richtet das Ministerium zum 1. April eine neue Servicestelle f\u00fcr Kommunalfragen im Umwelt- und Verbraucherschutzbereich ein. Das betonte Bayerns Umweltminister Thorsten Glauber heute in M\u00fcnchen. &#8222;Unsere neue Servicestelle ist ein Kompass f\u00fcr Kommunen im Beh\u00f6rdendschungel. Ich will f\u00fcr die Kommunen ein Ministerium der kurzen Wege schaffen. Wir brauchen f\u00fcr spezifische Fragen vor Ort direkte Ansprechpartner. Das hilft unseren kommunalen Partnern bei der Umsetzung ihrer vielf\u00e4ltigen Aufgaben. Damit unterst\u00fctzen wir auch das ehrenamtliche Engagement in unseren Gemeinden und schaffen eine echte Arbeitserleichterung&#8220;, so Glauber.<\/p>\n<p><a href=\"https:\/\/www.frankensicht.de\/?attachment_id=6469\" rel=\"attachment wp-att-6469\"><img loading=\"lazy\" decoding=\"async\" class=\"alignnone size-medium wp-image-6469\" src=\"https:\/\/www.frankensicht.de\/wp-content\/uploads\/2013\/11\/k-DSCN5988-300x225.jpg\" alt=\"\" width=\"300\" height=\"225\" srcset=\"https:\/\/www.frankensicht.de\/wp-content\/uploads\/2013\/11\/k-DSCN5988-300x225.jpg 300w, https:\/\/www.frankensicht.de\/wp-content\/uploads\/2013\/11\/k-DSCN5988.jpg 640w\" sizes=\"auto, (max-width: 300px) 100vw, 300px\" \/><\/a><\/p>\n<p>Die neue Servicestelle soll es Kommunen erm\u00f6glichen, unter einer zentralen Kontaktadresse ihre offenen Fragen im Umwelt- und Verbraucherschutzbereich anzubringen. Von dort erfolgt dann eine geb\u00fcndelte Beantwortung. F\u00fcr kommunale Vertreter entf\u00e4llt damit die Suche nach konkreten Ansprechpartnern in den jeweiligen Fachabteilungen des Ministeriums. Das spart Zeit und sorgt daf\u00fcr, dass die zust\u00e4ndigen Stellen unmittelbar eingebunden werden.<\/p>\n<p>Quelle: stmuv.bayern.de<\/p>\n","protected":false},"excerpt":{"rendered":"<p>M\u00fcnchen: Glauber: Kompass f\u00fcr Kommunen Umweltministerium richtet neue Servicestelle ein Kommunen haben zuk\u00fcnftig einen direkten Draht ins Umweltministerium: F\u00fcr Ihre Fragen und Anliegen richtet das Ministerium zum 1. April eine neue Servicestelle f\u00fcr Kommunalfragen im Umwelt- und Verbraucherschutzbereich ein. Das betonte Bayerns Umweltminister Thorsten Glauber heute in M\u00fcnchen. &#8222;Unsere neue Servicestelle ist ein Kompass f\u00fcr [&hellip;]<\/p>\n","protected":false},"author":7,"featured_media":10696,"comment_status":"closed","ping_status":"open","sticky":false,"template":"","format":"standard","meta":{"footnotes":""},"categories":[78,71],"tags":[],"class_list":["post-12411","post","type-post","status-publish","format-standard","has-post-thumbnail","hentry","category-bayern","category-menue"],"_links":{"self":[{"href":"https:\/\/www.frankensicht.de\/index.php?rest_route=\/wp\/v2\/posts\/12411","targetHints":{"allow":["GET"]}}],"collection":[{"href":"https:\/\/www.frankensicht.de\/index.php?rest_route=\/wp\/v2\/posts"}],"about":[{"href":"https:\/\/www.frankensicht.de\/index.php?rest_route=\/wp\/v2\/types\/post"}],"author":[{"embeddable":true,"href":"https:\/\/www.frankensicht.de\/index.php?rest_route=\/wp\/v2\/users\/7"}],"replies":[{"embeddable":true,"href":"https:\/\/www.frankensicht.de\/index.php?rest_route=%2Fwp%2Fv2%2Fcomments&post=12411"}],"version-history":[{"count":3,"href":"https:\/\/www.frankensicht.de\/index.php?rest_route=\/wp\/v2\/posts\/12411\/revisions"}],"predecessor-version":[{"id":12414,"href":"https:\/\/www.frankensicht.de\/index.php?rest_route=\/wp\/v2\/posts\/12411\/revisions\/12414"}],"wp:featuredmedia":[{"embeddable":true,"href":"https:\/\/www.frankensicht.de\/index.php?rest_route=\/wp\/v2\/media\/10696"}],"wp:attachment":[{"href":"https:\/\/www.frankensicht.de\/index.php?rest_route=%2Fwp%2Fv2%2Fmedia&parent=12411"}],"wp:term":[{"taxonomy":"category","embeddable":true,"href":"https:\/\/www.frankensicht.de\/index.php?rest_route=%2Fwp%2Fv2%2Fcategories&post=12411"},{"taxonomy":"post_tag","embeddable":true,"href":"https:\/\/www.frankensicht.de\/index.php?rest_route=%2Fwp%2Fv2%2Ftags&post=12411"}],"curies":[{"name":"wp","href":"https:\/\/api.w.org\/{rel}","templated":true}]}}