{"id":12397,"date":"2019-03-26T08:24:57","date_gmt":"2019-03-26T07:24:57","guid":{"rendered":"http:\/\/www.frankensicht.de\/?p=12397"},"modified":"2019-03-26T08:24:57","modified_gmt":"2019-03-26T07:24:57","slug":"auswaertiges-amt-zum-raketenangriff-auf-mischmeret-nordoestlich-von-tel-aviv","status":"publish","type":"post","link":"https:\/\/www.frankensicht.de\/?p=12397","title":{"rendered":"Ausw\u00e4rtiges Amt zum Raketenangriff auf Mischmeret nord\u00f6stlich von Tel Aviv"},"content":{"rendered":"<p><span style=\"color: #ff0000;\">Berlin:<\/span><\/p>\n<p>Ausw\u00e4rtiges Amt zum Raketenangriff auf Mischmeret nord\u00f6stlich von Tel Aviv<\/p>\n<p>Zum j\u00fcngsten Raketenangriff auf den Raum Tel Aviv und der Lage in Gaza sagte ein Sprecher des Ausw\u00e4rtigen Amts\u00a0 (25.03.):<br \/>\n&#8222;Die Bundesregierung verurteilt den Raketenangriff auf Mischmeret nord\u00f6stlich von Tel Aviv, bei dem mehrere Menschen, darunter zwei kleine Kinder, verletzt wurden, auf das Sch\u00e4rfste. Den Verletzen w\u00fcnschen wir eine schnelle und vollst\u00e4ndige Genesung. Nach dem Beschuss aus dem Gaza-Streifen Richtung Tel Aviv vor wenigen Tagen ist dies erneut eine sehr besorgniserregende Entwicklung. Die j\u00fcngsten Ereignisse bergen \u2013 zus\u00e4tzlich zur schwierigen Lage im Gaza-Streifen mit sozialen Protesten, auch gegen die Hamas \u2013 das Risiko einer immer schwerer zu kontrollierenden Situation. Angesichts der aktuellen Eskalation ist es essentiell, dass nun von allen Zur\u00fcckhaltung ge\u00fcbt wird und die Gewalt endet. Wir rufen die Hamas und alle anderen militanten Gruppen auf, ihre Angriffe einzustellen. Dazu z\u00e4hlt auch, dass die Lage bei den Demonstrationen am Grenzzaun, wo am Wochenende drei Pal\u00e4stinenser ums Leben kamen, und auch mit Blick auf den Jahrestag der Demonstrationen am 30.03. nicht weiter angeheizt wird.&#8220;<\/p>\n<p><a href=\"https:\/\/www.frankensicht.de\/?attachment_id=8164\" rel=\"attachment wp-att-8164\"><img loading=\"lazy\" decoding=\"async\" class=\"alignnone size-medium wp-image-8164\" src=\"https:\/\/www.frankensicht.de\/wp-content\/uploads\/2015\/02\/israel-300x218.png\" alt=\"\" width=\"300\" height=\"218\" srcset=\"https:\/\/www.frankensicht.de\/wp-content\/uploads\/2015\/02\/israel-300x218.png 300w, https:\/\/www.frankensicht.de\/wp-content\/uploads\/2015\/02\/israel.png 660w\" sizes=\"auto, (max-width: 300px) 100vw, 300px\" \/><\/a><br \/>\nHintergrund:<br \/>\nHeute wurde am fr\u00fchen Morgen nord\u00f6stlich von Tel Aviv in Mischmeret ein Haus von einer Rakete getroffen. Die israelische Armee best\u00e4tigte, dass sie einen Abschuss aus dem Gazastreifen festgestellt habe. In dem Gebiet n\u00f6rdlich von Tel Aviv sei zuvor ein Raketenalarm ausgel\u00f6st worden.<\/p>\n<p>Quelle:auswaertiges-amt.de<\/p>\n","protected":false},"excerpt":{"rendered":"<p>Berlin: Ausw\u00e4rtiges Amt zum Raketenangriff auf Mischmeret nord\u00f6stlich von Tel Aviv Zum j\u00fcngsten Raketenangriff auf den Raum Tel Aviv und der Lage in Gaza sagte ein Sprecher des Ausw\u00e4rtigen Amts\u00a0 (25.03.): &#8222;Die Bundesregierung verurteilt den Raketenangriff auf Mischmeret nord\u00f6stlich von Tel Aviv, bei dem mehrere Menschen, darunter zwei kleine Kinder, verletzt wurden, auf das Sch\u00e4rfste. [&hellip;]<\/p>\n","protected":false},"author":7,"featured_media":8164,"comment_status":"closed","ping_status":"open","sticky":false,"template":"","format":"standard","meta":{"footnotes":""},"categories":[44,3,30],"tags":[2795],"class_list":["post-12397","post","type-post","status-publish","format-standard","has-post-thumbnail","hentry","category-deutschland-2","category-news","category-welt","tag-raketenangriffe"],"_links":{"self":[{"href":"https:\/\/www.frankensicht.de\/index.php?rest_route=\/wp\/v2\/posts\/12397","targetHints":{"allow":["GET"]}}],"collection":[{"href":"https:\/\/www.frankensicht.de\/index.php?rest_route=\/wp\/v2\/posts"}],"about":[{"href":"https:\/\/www.frankensicht.de\/index.php?rest_route=\/wp\/v2\/types\/post"}],"author":[{"embeddable":true,"href":"https:\/\/www.frankensicht.de\/index.php?rest_route=\/wp\/v2\/users\/7"}],"replies":[{"embeddable":true,"href":"https:\/\/www.frankensicht.de\/index.php?rest_route=%2Fwp%2Fv2%2Fcomments&post=12397"}],"version-history":[{"count":1,"href":"https:\/\/www.frankensicht.de\/index.php?rest_route=\/wp\/v2\/posts\/12397\/revisions"}],"predecessor-version":[{"id":12398,"href":"https:\/\/www.frankensicht.de\/index.php?rest_route=\/wp\/v2\/posts\/12397\/revisions\/12398"}],"wp:featuredmedia":[{"embeddable":true,"href":"https:\/\/www.frankensicht.de\/index.php?rest_route=\/wp\/v2\/media\/8164"}],"wp:attachment":[{"href":"https:\/\/www.frankensicht.de\/index.php?rest_route=%2Fwp%2Fv2%2Fmedia&parent=12397"}],"wp:term":[{"taxonomy":"category","embeddable":true,"href":"https:\/\/www.frankensicht.de\/index.php?rest_route=%2Fwp%2Fv2%2Fcategories&post=12397"},{"taxonomy":"post_tag","embeddable":true,"href":"https:\/\/www.frankensicht.de\/index.php?rest_route=%2Fwp%2Fv2%2Ftags&post=12397"}],"curies":[{"name":"wp","href":"https:\/\/api.w.org\/{rel}","templated":true}]}}