{"id":12393,"date":"2019-03-24T07:57:24","date_gmt":"2019-03-24T06:57:24","guid":{"rendered":"http:\/\/www.frankensicht.de\/?p=12393"},"modified":"2019-03-24T07:57:24","modified_gmt":"2019-03-24T06:57:24","slug":"der-agrarexport-ist-eine-wichtige-saeule-fuer-die-zukunft-der-deutschen-agrarwirtschaft","status":"publish","type":"post","link":"https:\/\/www.frankensicht.de\/?p=12393","title":{"rendered":"Der Agrarexport ist eine wichtige S\u00e4ule f\u00fcr die Zukunft der deutschen Agrarwirtschaft"},"content":{"rendered":"<p><span style=\"color: #ff0000;\">Berlin:<\/span><\/p>\n<p>Fuchtel: \u201eDer Agrarexport ist eine wichtige S\u00e4ule f\u00fcr die Zukunft der deutschen Agrarwirtschaft\u201c<br \/>\n7. Diplomaten-Salon der German Export Association for Food and Agriproducts GEFA e.V.<\/p>\n<p>Der Parlamentarische Staatssekret\u00e4r bei der Bundesministerin f\u00fcr Ern\u00e4hrung und Landwirt\u00adschaft, Hans-Joachim Fuchtel, hat am 20. M\u00e4rz 2019 den 7. Diplomaten-Salon der German Export Association for Food and Agriproducts GEFA e.V. in Berlin besucht.<\/p>\n<p><a href=\"https:\/\/www.frankensicht.de\/?attachment_id=8045\" rel=\"attachment wp-att-8045\"><img loading=\"lazy\" decoding=\"async\" class=\"alignnone size-medium wp-image-8045\" src=\"https:\/\/www.frankensicht.de\/wp-content\/uploads\/2015\/01\/kuehe-300x225.jpg\" alt=\"\" width=\"300\" height=\"225\" srcset=\"https:\/\/www.frankensicht.de\/wp-content\/uploads\/2015\/01\/kuehe-300x225.jpg 300w, https:\/\/www.frankensicht.de\/wp-content\/uploads\/2015\/01\/kuehe.jpg 640w\" sizes=\"auto, (max-width: 300px) 100vw, 300px\" \/><\/a><\/p>\n<p>In seiner Rede betonte Hans-Joachim Fuchtel:<br \/>\n\u201eDer Agrarexport ist eine wichtige S\u00e4ule f\u00fcr die Zukunft der deutschen Agrarwirtschaft und die Lebensf\u00e4higkeit der l\u00e4ndlichen R\u00e4ume in unserem Land. Bei sinkender Nachfrage sind Landwirtschaft und Ern\u00e4hrungswirtschaft zunehmend auf Exporte angewiesen, um ihre Wirtschaftskraft zu erhalten.\u201c Inzwischen sei die Bundesrepublik Deutschland Nr. 3 der Agrarexportl\u00e4nder. Fuchtel hob hervor, dass der Handel niemals eine Einbahnstra\u00dfe sei. Nach wie vor sei die Bundesrepublik Deutschland Nettoimporteur von Agrarg\u00fctern. Parlamentarischer Staatssekret\u00e4r Fuchtel sagte abschlie\u00dfend: \u201eUm besonders kleine und mit\u00adtelst\u00e4ndische Unternehmen bei der Sicherung bestehender und der Erschlie\u00dfung neuer kauf\u00adkr\u00e4ftiger M\u00e4rkte zu unterst\u00fctzen, hat das Bundesministerium umfassende F\u00f6rderma\u00dfnahmen aufgelegt, vor allem Unternehmerreisen zur Markterkundung und Gesch\u00e4ftsanbahnung, In\u00adformationen verschiedenster Art \u00fcber die Zielm\u00e4rkte sowie ein umfassendes Auslandsmesseprogramm.\u201c<\/p>\n<p>Fuchtel betonte dabei, dass am wenigsten entwickelte L\u00e4nder nicht Ziel der Exportf\u00f6rderung sind.<\/p>\n<p>Hintergrund:<br \/>\nDer Diplomaten-Salon dient der Information ausl\u00e4ndischer Agrardiplomaten \u00fcber den Agrar\u00adstandort Deutschland. Zudem soll der offene Dialog in Bezug auf den Agrarhandel gef\u00fchrt und weiter gef\u00f6rdert werden.<br \/>\nDer German Export Association for Food Agriproducts GEFA e.V. (GEFA) bildet die umfas\u00adsende Kommunikationsplattform zwischen Politik und Wirtschaft in Exportfragen agrar- und ern\u00e4hrungswirtschaftlicher G\u00fcter. Der Verein versteht sich auch als zentrale Anlaufstelle f\u00fcr alle Wirtschaftsbeteiligten, die sich f\u00fcr Lebensmittel, Getr\u00e4nke, landwirtschaftliche Rohwaren oder Produkte aus dem Vorleistungsbereich wie Saatgut, Zuchttiere und Landtechnik aus Deutschland interessieren.<\/p>\n","protected":false},"excerpt":{"rendered":"<p>Berlin: Fuchtel: \u201eDer Agrarexport ist eine wichtige S\u00e4ule f\u00fcr die Zukunft der deutschen Agrarwirtschaft\u201c 7. Diplomaten-Salon der German Export Association for Food and Agriproducts GEFA e.V. Der Parlamentarische Staatssekret\u00e4r bei der Bundesministerin f\u00fcr Ern\u00e4hrung und Landwirt\u00adschaft, Hans-Joachim Fuchtel, hat am 20. M\u00e4rz 2019 den 7. Diplomaten-Salon der German Export Association for Food and Agriproducts GEFA [&hellip;]<\/p>\n","protected":false},"author":7,"featured_media":8045,"comment_status":"closed","ping_status":"open","sticky":false,"template":"","format":"standard","meta":{"footnotes":""},"categories":[44,3],"tags":[2793],"class_list":["post-12393","post","type-post","status-publish","format-standard","has-post-thumbnail","hentry","category-deutschland-2","category-news","tag-agrarwirtschaft"],"_links":{"self":[{"href":"https:\/\/www.frankensicht.de\/index.php?rest_route=\/wp\/v2\/posts\/12393","targetHints":{"allow":["GET"]}}],"collection":[{"href":"https:\/\/www.frankensicht.de\/index.php?rest_route=\/wp\/v2\/posts"}],"about":[{"href":"https:\/\/www.frankensicht.de\/index.php?rest_route=\/wp\/v2\/types\/post"}],"author":[{"embeddable":true,"href":"https:\/\/www.frankensicht.de\/index.php?rest_route=\/wp\/v2\/users\/7"}],"replies":[{"embeddable":true,"href":"https:\/\/www.frankensicht.de\/index.php?rest_route=%2Fwp%2Fv2%2Fcomments&post=12393"}],"version-history":[{"count":1,"href":"https:\/\/www.frankensicht.de\/index.php?rest_route=\/wp\/v2\/posts\/12393\/revisions"}],"predecessor-version":[{"id":12394,"href":"https:\/\/www.frankensicht.de\/index.php?rest_route=\/wp\/v2\/posts\/12393\/revisions\/12394"}],"wp:featuredmedia":[{"embeddable":true,"href":"https:\/\/www.frankensicht.de\/index.php?rest_route=\/wp\/v2\/media\/8045"}],"wp:attachment":[{"href":"https:\/\/www.frankensicht.de\/index.php?rest_route=%2Fwp%2Fv2%2Fmedia&parent=12393"}],"wp:term":[{"taxonomy":"category","embeddable":true,"href":"https:\/\/www.frankensicht.de\/index.php?rest_route=%2Fwp%2Fv2%2Fcategories&post=12393"},{"taxonomy":"post_tag","embeddable":true,"href":"https:\/\/www.frankensicht.de\/index.php?rest_route=%2Fwp%2Fv2%2Ftags&post=12393"}],"curies":[{"name":"wp","href":"https:\/\/api.w.org\/{rel}","templated":true}]}}