{"id":12391,"date":"2019-03-22T08:35:51","date_gmt":"2019-03-22T07:35:51","guid":{"rendered":"http:\/\/www.frankensicht.de\/?p=12391"},"modified":"2019-03-22T08:35:51","modified_gmt":"2019-03-22T07:35:51","slug":"starkes-fuehrungs-trio-fuer-autobahn-gmbh","status":"publish","type":"post","link":"https:\/\/www.frankensicht.de\/?p=12391","title":{"rendered":"Starkes F\u00fchrungs-Trio f\u00fcr Autobahn GmbH"},"content":{"rendered":"<p><span style=\"color: #ff0000;\">Berlin:<\/span><\/p>\n<p>BMVI &#8211; Scheuer: Starkes F\u00fchrungs-Trio f\u00fcr Autobahn GmbH<\/p>\n<p>Scheuer: Starkes F\u00fchrungs-Trio f\u00fcr Autobahn GmbH<\/p>\n<p>Bundesverkehrsminister Andreas Scheuer hat heute die Gesch\u00e4ftsf\u00fchrung der neuen Autobahn GmbH des Bundes vorgestellt. Seit dem 1.3. 2019 im Amt sind: Stephan Krenz, Vorsitzender der Gesch\u00e4ftsf\u00fchrung, Anne Rethmann, Gesch\u00e4ftsf\u00fchrerin Finanzen, und Gunther Adler, Gesch\u00e4ftsf\u00fchrer Personal. Dienstsitz der Gesch\u00e4ftsf\u00fchrung ist Berlin.<\/p>\n<p><a href=\"https:\/\/www.frankensicht.de\/?attachment_id=9802\" rel=\"attachment wp-att-9802\"><img loading=\"lazy\" decoding=\"async\" class=\"alignnone size-medium wp-image-9802\" src=\"https:\/\/www.frankensicht.de\/wp-content\/uploads\/2016\/07\/P1010195-300x225.jpg\" alt=\"\" width=\"300\" height=\"225\" srcset=\"https:\/\/www.frankensicht.de\/wp-content\/uploads\/2016\/07\/P1010195-300x225.jpg 300w, https:\/\/www.frankensicht.de\/wp-content\/uploads\/2016\/07\/P1010195.jpg 640w\" sizes=\"auto, (max-width: 300px) 100vw, 300px\" \/><\/a><\/p>\n<p>Scheuer:<\/p>\n<p>13.000 Kilometer Autobahn werden k\u00fcnftig zentral in einer Hand vom Bund verwaltet. Mit einem starken F\u00fchrungs-Trio gehen wir nun in die entscheidende Phase hin zur Autobahn GmbH des Bundes. Die neue Gesch\u00e4ftsf\u00fchrung ist mit ausgezeichneten Pers\u00f6nlichkeiten ideal besetzt, um gemeinsam mit den Autobahn-Profis in den Regionen die gr\u00f6\u00dfte Reform in der Geschichte der Autobahnen umzusetzen.<\/p>\n<p>Die Autobahn GmbH \u00fcbernimmt ab 1.1.2021 von den L\u00e4ndern Planung, Bau, Betrieb, Erhaltung und Finanzierung sowie die verm\u00f6gensm\u00e4\u00dfige Verwaltung der Autobahnen und Bundesfernstra\u00dfen.<\/p>\n<p>Stephan Krenz, Vorsitzender der Gesch\u00e4ftsf\u00fchrung der Autobahn GmbH des Bundes:<\/p>\n<p>Unsere Aufgabe ist es, gute Autobahnen bereitzustellen und gleichzeitig die Mobilit\u00e4t der Zukunft mitzugestalten. Unser Hauptaugenmerk liegt dabei auf einer \u00fcbergeordneten Netzplanung und der Verringerung von Staupotenzialen.<\/p>\n<p>Zur neuen Gesch\u00e4ftsf\u00fchrung:<\/p>\n<p>Stephan Krenz, Vorsitzender der Gesch\u00e4ftsf\u00fchrung, ist Wirtschaftsingenieur und war zuletzt Vorsitzender der Gesch\u00e4ftsf\u00fchrung der Abellio GmbH Deutschland. In dieser Funktion verantwortete er vor allem die Expansion des Unternehmens auf dem deutschen Markt. Zuvor f\u00fchrte er erfolgreich ein Transformationsvorhaben bei Bombardier durch.<\/p>\n<p>Anne Rethmann, Gesch\u00e4ftsf\u00fchrerin Finanzen, war in den vergangenen vier Jahren Gesch\u00e4ftsf\u00fchrerin der Cerner Health Services Deutschland GmbH. Wichtige Schwerpunkte ihrer Arbeit waren die Digitalisierung von Gesch\u00e4ftsmodellen und der Aufbau kaufm\u00e4nnischer Strukturen und Systeme.<\/p>\n<p>Gunther Adler, Gesch\u00e4ftsf\u00fchrer Personal, war bislang Staatssekret\u00e4r im Bundesinnenministerium (BMI). Er setzte sich dort insbesondere f\u00fcr den sozialen Wohnungsbau ein und war ma\u00dfgeblich an den Verhandlungen mit den L\u00e4ndern \u00fcber die Reform der L\u00e4nder-Finanzhilfen zum Wohnungsbau beteiligt.<\/p>\n<p>Zur Autobahn GmbH:<\/p>\n<p>Die Autobahn GmbH des Bundes wurde am 18.9.2018 gegr\u00fcndet. Seitdem wird Schritt f\u00fcr Schritt Personal aufgebaut. Die Gesellschaft wird rund 13.000 Kilometer Autobahn verwalten. Im Fokus stehen dabei Qualit\u00e4t, Effizienz und Innovation. Die privatwirtschaftlich organisierte GmbH bleibt zu 100 Prozent in staatlicher Hand und wird durch einen Aufsichtsrat und das Fernstra\u00dfen-Bundesamt kontrolliert. Die Reform wurde von Bund und L\u00e4ndern im Zuge der Neuordnung des Bund-L\u00e4nderfinanzausgleichs beschlossen.<\/p>\n<p>Quelle:bmvi.bund.de<\/p>\n<p>&nbsp;<\/p>\n","protected":false},"excerpt":{"rendered":"<p>Berlin: BMVI &#8211; Scheuer: Starkes F\u00fchrungs-Trio f\u00fcr Autobahn GmbH Scheuer: Starkes F\u00fchrungs-Trio f\u00fcr Autobahn GmbH Bundesverkehrsminister Andreas Scheuer hat heute die Gesch\u00e4ftsf\u00fchrung der neuen Autobahn GmbH des Bundes vorgestellt. Seit dem 1.3. 2019 im Amt sind: Stephan Krenz, Vorsitzender der Gesch\u00e4ftsf\u00fchrung, Anne Rethmann, Gesch\u00e4ftsf\u00fchrerin Finanzen, und Gunther Adler, Gesch\u00e4ftsf\u00fchrer Personal. Dienstsitz der Gesch\u00e4ftsf\u00fchrung ist Berlin. [&hellip;]<\/p>\n","protected":false},"author":7,"featured_media":9802,"comment_status":"closed","ping_status":"open","sticky":false,"template":"","format":"standard","meta":{"footnotes":""},"categories":[44,3],"tags":[2792],"class_list":["post-12391","post","type-post","status-publish","format-standard","has-post-thumbnail","hentry","category-deutschland-2","category-news","tag-autobahn-gmbh"],"_links":{"self":[{"href":"https:\/\/www.frankensicht.de\/index.php?rest_route=\/wp\/v2\/posts\/12391","targetHints":{"allow":["GET"]}}],"collection":[{"href":"https:\/\/www.frankensicht.de\/index.php?rest_route=\/wp\/v2\/posts"}],"about":[{"href":"https:\/\/www.frankensicht.de\/index.php?rest_route=\/wp\/v2\/types\/post"}],"author":[{"embeddable":true,"href":"https:\/\/www.frankensicht.de\/index.php?rest_route=\/wp\/v2\/users\/7"}],"replies":[{"embeddable":true,"href":"https:\/\/www.frankensicht.de\/index.php?rest_route=%2Fwp%2Fv2%2Fcomments&post=12391"}],"version-history":[{"count":1,"href":"https:\/\/www.frankensicht.de\/index.php?rest_route=\/wp\/v2\/posts\/12391\/revisions"}],"predecessor-version":[{"id":12392,"href":"https:\/\/www.frankensicht.de\/index.php?rest_route=\/wp\/v2\/posts\/12391\/revisions\/12392"}],"wp:featuredmedia":[{"embeddable":true,"href":"https:\/\/www.frankensicht.de\/index.php?rest_route=\/wp\/v2\/media\/9802"}],"wp:attachment":[{"href":"https:\/\/www.frankensicht.de\/index.php?rest_route=%2Fwp%2Fv2%2Fmedia&parent=12391"}],"wp:term":[{"taxonomy":"category","embeddable":true,"href":"https:\/\/www.frankensicht.de\/index.php?rest_route=%2Fwp%2Fv2%2Fcategories&post=12391"},{"taxonomy":"post_tag","embeddable":true,"href":"https:\/\/www.frankensicht.de\/index.php?rest_route=%2Fwp%2Fv2%2Ftags&post=12391"}],"curies":[{"name":"wp","href":"https:\/\/api.w.org\/{rel}","templated":true}]}}