{"id":12377,"date":"2019-03-14T08:27:54","date_gmt":"2019-03-14T07:27:54","guid":{"rendered":"http:\/\/www.frankensicht.de\/?p=12377"},"modified":"2019-03-15T08:33:24","modified_gmt":"2019-03-15T07:33:24","slug":"treffen-der-bayerischen-auslandsrepraesentanten-im-bayerischen-wirtschaftsministerium","status":"publish","type":"post","link":"https:\/\/www.frankensicht.de\/?p=12377","title":{"rendered":"Treffen der bayerischen Auslandsrepr\u00e4sentanten im bayerischen Wirtschaftsministerium"},"content":{"rendered":"<p><span style=\"color: #ff0000;\">M\u00fcnchen:<\/span><\/p>\n<p>Treffen der bayerischen Auslandsrepr\u00e4sentanten im bayerischen Wirtschaftsministerium<\/p>\n<p>Aiwanger: &#8222;Internationalisierung sichert Wohlstand und Arbeitspl\u00e4tze in Bayern&#8220;<\/p>\n<p>Bayern goes global so lautet das Motto des abendlichen Empfanges, bei dem sich rund 500 Vertreter, vor allem der mittelst\u00e4ndischen Wirtschaft sowie Internationalisierungsexperten aus Verb\u00e4nden und Kammern, mit den bayerischen Auslandsrepr\u00e4sentantinnen und Auslandsrepr\u00e4sentanten treffen. Der Empfang findet j\u00e4hrlich im Rahmen der Arbeitstagung der Auslandsrepr\u00e4sentanten in einem anderen Regierungsbezirk statt\u00a0 heuer im bayerischen Wirtschaftsministerium in M\u00fcnchen. Die internationale Verflechtung der Wirtschaft des Freistaates ist beispielhaft. Der Export bayerischer Produkte ist mitentscheidend f\u00fcr Arbeitspl\u00e4tze, Wachstum und Wohlstand in Bayern. Ein Handelsvolumen von \u00fcber 370 Milliarden Euro im Jahr 2018 macht die Vernetzung Bayerns mit dem Ausland deutlich. Bayerns Wirtschaftsminister Hubert Aiwanger: Bayerische Produkte und Dienstleistungen stehen f\u00fcr Qualit\u00e4t und Innovation. Der weltweite Erfolg Bayerns ist auf das vielf\u00e4ltige Auslandsengagement der Unternehmerinnen und Unternehmer zur\u00fcckzuf\u00fchren. Die Internationalisierung unserer Betriebe sichert Wohlstand und Arbeitspl\u00e4tze in Bayern.<\/p>\n<p><a href=\"https:\/\/www.frankensicht.de\/?attachment_id=9483\" rel=\"attachment wp-att-9483\"><img loading=\"lazy\" decoding=\"async\" class=\"alignnone size-medium wp-image-9483\" src=\"https:\/\/www.frankensicht.de\/wp-content\/uploads\/2016\/04\/P1020751-300x225.jpg\" alt=\"\" width=\"300\" height=\"225\" srcset=\"https:\/\/www.frankensicht.de\/wp-content\/uploads\/2016\/04\/P1020751-300x225.jpg 300w, https:\/\/www.frankensicht.de\/wp-content\/uploads\/2016\/04\/P1020751.jpg 640w\" sizes=\"auto, (max-width: 300px) 100vw, 300px\" \/><\/a><\/p>\n<p>Die Internationalisierungspolitik des Bayerischen Wirtschaftsministeriums unterst\u00fctzt insbesondere mittelst\u00e4ndische Unternehmen durch eine Vielzahl von Ma\u00dfnahmen bei der Erkundung und Erschlie\u00dfung von Auslandsm\u00e4rkten. Ein Instrument ist das Netz der bayerischen Auslandsrepr\u00e4sentanten. Sie unterst\u00fctzen Unternehmen bei der Markterschlie\u00dfung und werben in ihren L\u00e4ndern um neue Firmen-Ansiedlungen f\u00fcr den Freistaat. 26 Repr\u00e4sentanzen stehen der bayerischen Wirtschaft mittlerweile als kompetente Ansprechpartner zur Verf\u00fcgung. Gerade f\u00fcr kleine und mittlere Unternehmen sind sie oftmals die erste Anlaufstelle bei der Erschlie\u00dfung neuer M\u00e4rkte. Im Mittelpunkt der diesj\u00e4hrigen Tagung in M\u00fcnchen stehen Gespr\u00e4che mit der politischen Spitze des Wirtschaftsministeriums, Expertenvortr\u00e4ge wie von Herrn Prof. Dr. Dr. h. c. Fuest, Pr\u00e4sident des Ifo Instituts, sowie Workshops zu Zukunftsthemen der bayerischen Au\u00dfenwirtschaftspolitik.<\/p>\n<p>Quelle: stmwi.bayern.de<\/p>\n","protected":false},"excerpt":{"rendered":"<p>M\u00fcnchen: Treffen der bayerischen Auslandsrepr\u00e4sentanten im bayerischen Wirtschaftsministerium Aiwanger: &#8222;Internationalisierung sichert Wohlstand und Arbeitspl\u00e4tze in Bayern&#8220; Bayern goes global so lautet das Motto des abendlichen Empfanges, bei dem sich rund 500 Vertreter, vor allem der mittelst\u00e4ndischen Wirtschaft sowie Internationalisierungsexperten aus Verb\u00e4nden und Kammern, mit den bayerischen Auslandsrepr\u00e4sentantinnen und Auslandsrepr\u00e4sentanten treffen. Der Empfang findet j\u00e4hrlich im [&hellip;]<\/p>\n","protected":false},"author":7,"featured_media":9483,"comment_status":"closed","ping_status":"open","sticky":false,"template":"","format":"standard","meta":{"footnotes":""},"categories":[78,71],"tags":[2786],"class_list":["post-12377","post","type-post","status-publish","format-standard","has-post-thumbnail","hentry","category-bayern","category-menue","tag-auslandsrepraesentanten"],"_links":{"self":[{"href":"https:\/\/www.frankensicht.de\/index.php?rest_route=\/wp\/v2\/posts\/12377","targetHints":{"allow":["GET"]}}],"collection":[{"href":"https:\/\/www.frankensicht.de\/index.php?rest_route=\/wp\/v2\/posts"}],"about":[{"href":"https:\/\/www.frankensicht.de\/index.php?rest_route=\/wp\/v2\/types\/post"}],"author":[{"embeddable":true,"href":"https:\/\/www.frankensicht.de\/index.php?rest_route=\/wp\/v2\/users\/7"}],"replies":[{"embeddable":true,"href":"https:\/\/www.frankensicht.de\/index.php?rest_route=%2Fwp%2Fv2%2Fcomments&post=12377"}],"version-history":[{"count":1,"href":"https:\/\/www.frankensicht.de\/index.php?rest_route=\/wp\/v2\/posts\/12377\/revisions"}],"predecessor-version":[{"id":12378,"href":"https:\/\/www.frankensicht.de\/index.php?rest_route=\/wp\/v2\/posts\/12377\/revisions\/12378"}],"wp:featuredmedia":[{"embeddable":true,"href":"https:\/\/www.frankensicht.de\/index.php?rest_route=\/wp\/v2\/media\/9483"}],"wp:attachment":[{"href":"https:\/\/www.frankensicht.de\/index.php?rest_route=%2Fwp%2Fv2%2Fmedia&parent=12377"}],"wp:term":[{"taxonomy":"category","embeddable":true,"href":"https:\/\/www.frankensicht.de\/index.php?rest_route=%2Fwp%2Fv2%2Fcategories&post=12377"},{"taxonomy":"post_tag","embeddable":true,"href":"https:\/\/www.frankensicht.de\/index.php?rest_route=%2Fwp%2Fv2%2Ftags&post=12377"}],"curies":[{"name":"wp","href":"https:\/\/api.w.org\/{rel}","templated":true}]}}