{"id":12375,"date":"2019-03-15T08:33:32","date_gmt":"2019-03-15T07:33:32","guid":{"rendered":"http:\/\/www.frankensicht.de\/?p=12375"},"modified":"2019-03-15T08:33:32","modified_gmt":"2019-03-15T07:33:32","slug":"pressekonferenz-zum-zehnjaehrigen-bestehen-der-schwerpunktstaatsanwaltschaft-doping","status":"publish","type":"post","link":"https:\/\/www.frankensicht.de\/?p=12375","title":{"rendered":"Pressekonferenz zum zehnj\u00e4hrigen Bestehen der Schwerpunktstaatsanwaltschaft Doping"},"content":{"rendered":"<p><span style=\"color: #ff0000;\">M\u00fcnchen:<\/span><\/p>\n<p>Pressekonferenz zum zehnj\u00e4hrigen Bestehen der Schwerpunktstaatsanwaltschaft Doping<\/p>\n<p>Der Bayerische Staatsminister der Justiz Georg Eisenreich und die Staatsanwaltschaft M\u00fcnchen I laden am<\/p>\n<p>Mittwoch, den 20. M\u00e4rz 2019, 11:00 Uhr,<br \/>\nin den R\u00e4umen der Staatsanwaltschaft M\u00fcnchen I,<\/p>\n<p>Linprunstra\u00dfe 25, 80335 M\u00fcnchen, Raum C 10 (EG)<\/p>\n<p>zu einer Pressekonferenz zum zehnj\u00e4hrigen Jubil\u00e4um der Schwerpunktstaatsanwaltschaft zur Bek\u00e4mpfung der Doping-Kriminalit\u00e4t.<\/p>\n<p><a href=\"https:\/\/www.frankensicht.de\/?attachment_id=3276\" rel=\"attachment wp-att-3276\"><img loading=\"lazy\" decoding=\"async\" class=\"alignnone size-medium wp-image-3276\" src=\"https:\/\/www.frankensicht.de\/wp-content\/uploads\/2012\/07\/knast-300x225.png\" alt=\"\" width=\"300\" height=\"225\" srcset=\"https:\/\/www.frankensicht.de\/wp-content\/uploads\/2012\/07\/knast-300x225.png 300w, https:\/\/www.frankensicht.de\/wp-content\/uploads\/2012\/07\/knast.png 840w\" sizes=\"auto, (max-width: 300px) 100vw, 300px\" \/><\/a><\/p>\n<p>Staatsminister Eisenreich wird u.a. zum rechtspolitischen Handlungsbedarf im Doping-Strafrecht Stellung nehmen. Die Staatsanwaltschaft wird einen Einblick in die Ermittlungsarbeit geben und dabei auch zu aktuellen Ermittlungserfolgen im Verfahren gegen den beschuldigten Erfurter Arzt und seine Helfer berichten.<\/p>\n<p>Es wird Gelegenheit zu Filmaufnahmen, Pressefotos<br \/>\nund zu Interviews bestehen.<\/p>\n<p>Quelle;stmj.bayern.de<\/p>\n","protected":false},"excerpt":{"rendered":"<p>M\u00fcnchen: Pressekonferenz zum zehnj\u00e4hrigen Bestehen der Schwerpunktstaatsanwaltschaft Doping Der Bayerische Staatsminister der Justiz Georg Eisenreich und die Staatsanwaltschaft M\u00fcnchen I laden am Mittwoch, den 20. M\u00e4rz 2019, 11:00 Uhr, in den R\u00e4umen der Staatsanwaltschaft M\u00fcnchen I, Linprunstra\u00dfe 25, 80335 M\u00fcnchen, Raum C 10 (EG) zu einer Pressekonferenz zum zehnj\u00e4hrigen Jubil\u00e4um der Schwerpunktstaatsanwaltschaft zur Bek\u00e4mpfung der [&hellip;]<\/p>\n","protected":false},"author":7,"featured_media":3276,"comment_status":"closed","ping_status":"open","sticky":false,"template":"","format":"standard","meta":{"footnotes":""},"categories":[78,71],"tags":[2785],"class_list":["post-12375","post","type-post","status-publish","format-standard","has-post-thumbnail","hentry","category-bayern","category-menue","tag-schwerpunkt-staatsanwaltschaft"],"_links":{"self":[{"href":"https:\/\/www.frankensicht.de\/index.php?rest_route=\/wp\/v2\/posts\/12375","targetHints":{"allow":["GET"]}}],"collection":[{"href":"https:\/\/www.frankensicht.de\/index.php?rest_route=\/wp\/v2\/posts"}],"about":[{"href":"https:\/\/www.frankensicht.de\/index.php?rest_route=\/wp\/v2\/types\/post"}],"author":[{"embeddable":true,"href":"https:\/\/www.frankensicht.de\/index.php?rest_route=\/wp\/v2\/users\/7"}],"replies":[{"embeddable":true,"href":"https:\/\/www.frankensicht.de\/index.php?rest_route=%2Fwp%2Fv2%2Fcomments&post=12375"}],"version-history":[{"count":1,"href":"https:\/\/www.frankensicht.de\/index.php?rest_route=\/wp\/v2\/posts\/12375\/revisions"}],"predecessor-version":[{"id":12376,"href":"https:\/\/www.frankensicht.de\/index.php?rest_route=\/wp\/v2\/posts\/12375\/revisions\/12376"}],"wp:featuredmedia":[{"embeddable":true,"href":"https:\/\/www.frankensicht.de\/index.php?rest_route=\/wp\/v2\/media\/3276"}],"wp:attachment":[{"href":"https:\/\/www.frankensicht.de\/index.php?rest_route=%2Fwp%2Fv2%2Fmedia&parent=12375"}],"wp:term":[{"taxonomy":"category","embeddable":true,"href":"https:\/\/www.frankensicht.de\/index.php?rest_route=%2Fwp%2Fv2%2Fcategories&post=12375"},{"taxonomy":"post_tag","embeddable":true,"href":"https:\/\/www.frankensicht.de\/index.php?rest_route=%2Fwp%2Fv2%2Ftags&post=12375"}],"curies":[{"name":"wp","href":"https:\/\/api.w.org\/{rel}","templated":true}]}}