{"id":12371,"date":"2019-03-12T07:52:40","date_gmt":"2019-03-12T06:52:40","guid":{"rendered":"http:\/\/www.frankensicht.de\/?p=12371"},"modified":"2019-03-12T07:52:40","modified_gmt":"2019-03-12T06:52:40","slug":"feierstunde-zur-selbststaendigkeit-der-justizvollzugsanstalt-hof-bayerns-justizminister-eisenreich-fuehrt-maria-anna-kerscher-in-ihr-neues-amt-ein","status":"publish","type":"post","link":"https:\/\/www.frankensicht.de\/?p=12371","title":{"rendered":"Feierstunde zur Selbstst\u00e4ndigkeit der Justizvollzugsanstalt Hof \/ Bayerns Justizminister Eisenreich f\u00fchrt Maria Anna Kerscher in ihr neues Amt ein"},"content":{"rendered":"<p><span style=\"color: #ff0000;\">Hof:<\/span><\/p>\n<p>Feierstunde zur Selbstst\u00e4ndigkeit der Justizvollzugsanstalt Hof \/ Bayerns Justizminister Eisenreich f\u00fchrt Maria Anna Kerscher in ihr neues Amt ein<\/p>\n<p>Der bayerische Justizminister Georg Eisenreich gratuliert heute feierlich der Justizvollzugsanstalt Hof zu ihrer Selbstst\u00e4ndigkeit und f\u00fchrt gleichzeitig die neue Anstaltsleiterin Kerscher in ihr Amt ein. In den vergangenen 40 Jahren war die Justizvollzugsanstalt Hof der Justizvollzugsanstalt St. Georgen-Bayreuth verwaltungsorganisatorisch angegliedert. Mit Fertigstellung der geplanten Einrichtung f\u00fcr Abschiebungshaft auf dem benachbarten Grundst\u00fcck wird die Justizvollzugsanstalt Hof um insgesamt 150 Haftpl\u00e4tze erweitert. Im Hinblick darauf wurde die Justizvollzugsanstalt Hof bereits zum 1. Januar 2019 verselbst\u00e4ndigt.<\/p>\n<p><a href=\"https:\/\/www.frankensicht.de\/?attachment_id=3276\" rel=\"attachment wp-att-3276\"><img loading=\"lazy\" decoding=\"async\" class=\"alignnone size-medium wp-image-3276\" src=\"https:\/\/www.frankensicht.de\/wp-content\/uploads\/2012\/07\/knast-300x225.png\" alt=\"\" width=\"300\" height=\"225\" srcset=\"https:\/\/www.frankensicht.de\/wp-content\/uploads\/2012\/07\/knast-300x225.png 300w, https:\/\/www.frankensicht.de\/wp-content\/uploads\/2012\/07\/knast.png 840w\" sizes=\"auto, (max-width: 300px) 100vw, 300px\" \/><\/a><\/p>\n<p>Eisenreich: &#8222;Wir geben der JVA Hof nicht nur ihre Selbst\u00e4ndigkeit zur\u00fcck. Wir investieren gleichzeitig kr\u00e4ftig in die bauliche Erweiterung, um den Standort Hof f\u00fcr die Zukunft optimal auszustatten. Gleichzeitig senden wir ein deutliches Signal f\u00fcr die konsequente Anwendung des Asyl- und Ausl\u00e4nderrechts in Bayern.&#8220;<\/p>\n<p>Der Justizminister w\u00fcrdigt in seiner Laudatio den bisherigen Anstaltsleiter Konopka: &amp;bdquo;Mit Flei\u00df, Einsatzfreude, F\u00fchrungsst\u00e4rke und Fingerspitzengef\u00fchl haben Sie hier in Hof fortgef\u00fchrt, was Sie schon als Leiter der Justizvollzugsanstalten Regensburg und Straubing gezeigt haben. Ich danke Ihnen f\u00fcr Ihr Engagement im bayerischen Justizvollzug und wei\u00df die Geschicke der Justizvollzugsanstalt St. Georgen-Bayreuth bei Ihnen weiterhin in den besten H\u00e4nden.&#8220;<\/p>\n<p>An die neue Leiterin der Justizvollzugsanstalt Kerscher gerichtet f\u00e4hrt Eisenreich fort: &#8222;Wir h\u00e4tten als neue Anstaltsleiterin kaum jemanden finden k\u00f6nnen, der die JVA Hof besser kennt als Sie. Ich habe keinen Zweifel, dass Sie aufgrund Ihrer Pers\u00f6nlichkeit sowie Ihrer beruflichen Erfahrungen und Leistungen die verantwortungsvolle Aufgabe hier in Hof mit Erfolg meistern werden. F\u00fcr die kommende Zeit w\u00fcnsche ich Ihnen viel Erfolg.&#8220;<\/p>\n<p>Abschlie\u00dfend dankt Eisenreich allen Mitarbeiterinnen und Mitarbeitern der Anstalt: &amp;bdquo;Von dem besonderen Teamgeist im bayerischen Justizvollzug konnte ich mich in den letzten Monaten bereits pers\u00f6nlich \u00fcberzeugen. F\u00fcr Ihren unerm\u00fcdlichen Einsatz m\u00f6chte ich Ihnen herzlich Danke sagen.&#8220;<\/p>\n<p>Matthias Konopka (61 Jahre) trat am 1. M\u00e4rz 1986 seinen Dienst in der Justizvollzugsanstalt Bernau an. Nach verschiedenen verantwortungsvollen Positionen in den Justizvollzugsanstalten Straubing und Regensburg f\u00fchrte Konopka von Mai 2014 bis 31. Dezember 2018 im Rahmen seiner Funktion als Leiter der Justizvollzugsanstalt St. Georgen-Bayreuth auch die Justizvollzugsanstalt Hof. Seit 1. Januar 2019 leitet Matthias Konopka ausschlie\u00dflich die Justizvollzugsanstalt St. Georgen-Bayreuth.<\/p>\n<p>Maria Anna Kerscher (55 Jahre) trat am 19. M\u00e4rz 1990 in den bayerischen Justizvollzugsdienst ein. Sie begann Ihre Laufbahn als Abteilungsleiterin der Justizvollzugsanstalt St. Georgen-Bayreuth. Nach einer Abordnung an die Justizvollzugsanstalt Leipzig ab Juli 1992 wurde Kerscher 1993 zur Vertreterin des Anstaltsleiters der Justizvollzugsanstalten St. Georgen-Bayreuth und Hof bestellt. Dieses Amt \u00fcbte sie, unterbrochen durch kurze Abordnungen als kommissarische Leiterin der Justizvollzugsanstalten Bamberg und Kronach, bis zum 31. Dezember 2018 aus. Seit 1. Januar 2019 leitet Kerscher die nunmehr selbstst\u00e4ndige Justizvollzugsanstalt Hof.<\/p>\n<p>Quelle:stmj.bayern.de<\/p>\n","protected":false},"excerpt":{"rendered":"<p>Hof: Feierstunde zur Selbstst\u00e4ndigkeit der Justizvollzugsanstalt Hof \/ Bayerns Justizminister Eisenreich f\u00fchrt Maria Anna Kerscher in ihr neues Amt ein Der bayerische Justizminister Georg Eisenreich gratuliert heute feierlich der Justizvollzugsanstalt Hof zu ihrer Selbstst\u00e4ndigkeit und f\u00fchrt gleichzeitig die neue Anstaltsleiterin Kerscher in ihr Amt ein. In den vergangenen 40 Jahren war die Justizvollzugsanstalt Hof der [&hellip;]<\/p>\n","protected":false},"author":7,"featured_media":3276,"comment_status":"closed","ping_status":"open","sticky":false,"template":"","format":"standard","meta":{"footnotes":""},"categories":[78,97,71],"tags":[2783],"class_list":["post-12371","post","type-post","status-publish","format-standard","has-post-thumbnail","hentry","category-bayern","category-hof","category-menue","tag-justizvollzugsanstalt-hof"],"_links":{"self":[{"href":"https:\/\/www.frankensicht.de\/index.php?rest_route=\/wp\/v2\/posts\/12371","targetHints":{"allow":["GET"]}}],"collection":[{"href":"https:\/\/www.frankensicht.de\/index.php?rest_route=\/wp\/v2\/posts"}],"about":[{"href":"https:\/\/www.frankensicht.de\/index.php?rest_route=\/wp\/v2\/types\/post"}],"author":[{"embeddable":true,"href":"https:\/\/www.frankensicht.de\/index.php?rest_route=\/wp\/v2\/users\/7"}],"replies":[{"embeddable":true,"href":"https:\/\/www.frankensicht.de\/index.php?rest_route=%2Fwp%2Fv2%2Fcomments&post=12371"}],"version-history":[{"count":1,"href":"https:\/\/www.frankensicht.de\/index.php?rest_route=\/wp\/v2\/posts\/12371\/revisions"}],"predecessor-version":[{"id":12372,"href":"https:\/\/www.frankensicht.de\/index.php?rest_route=\/wp\/v2\/posts\/12371\/revisions\/12372"}],"wp:featuredmedia":[{"embeddable":true,"href":"https:\/\/www.frankensicht.de\/index.php?rest_route=\/wp\/v2\/media\/3276"}],"wp:attachment":[{"href":"https:\/\/www.frankensicht.de\/index.php?rest_route=%2Fwp%2Fv2%2Fmedia&parent=12371"}],"wp:term":[{"taxonomy":"category","embeddable":true,"href":"https:\/\/www.frankensicht.de\/index.php?rest_route=%2Fwp%2Fv2%2Fcategories&post=12371"},{"taxonomy":"post_tag","embeddable":true,"href":"https:\/\/www.frankensicht.de\/index.php?rest_route=%2Fwp%2Fv2%2Ftags&post=12371"}],"curies":[{"name":"wp","href":"https:\/\/api.w.org\/{rel}","templated":true}]}}