{"id":12356,"date":"2019-03-06T08:29:43","date_gmt":"2019-03-06T07:29:43","guid":{"rendered":"http:\/\/www.frankensicht.de\/?p=12356"},"modified":"2019-03-06T08:29:43","modified_gmt":"2019-03-06T07:29:43","slug":"nationale-industriestrategie-2030","status":"publish","type":"post","link":"https:\/\/www.frankensicht.de\/?p=12356","title":{"rendered":"Nationale Industriestrategie 2030\u201c"},"content":{"rendered":"<p><span style=\"color: #ff0000;\">M\u00fcnchen:<\/span><\/p>\n<p>Altmaier diskutiert mit f\u00fchrenden Wirtschaftswissenschaftlern \u00fcber \u201eNationale Industriestrategie<br \/>\n2030\u201c<\/p>\n<p>Bundeswirtschaftsminister Altmaier hat heute f\u00fchrende Wirtschaftswissenschaftler zu einer<br \/>\nDiskussion \u00fcber seinen Entwurf einer \u201eNationalen Industriestrategie 2030\u201c ins BMWi eingeladen.<br \/>\nBundesminister Altmaier: \u201eMit der \u201eNationalen Industriestrategie 2030&#8243; m\u00f6chte ich gemeinsam mit den<br \/>\nAkteuren der Wirtschaft einen Beitrag dazu leisten, dass die deutsche Industrie auch in den<br \/>\nn\u00e4chsten Jahrzehnten global wettbewerbsf\u00e4hig und technologisch an der Spitze bleibt.<\/p>\n<p><a href=\"https:\/\/www.frankensicht.de\/?attachment_id=12359\" rel=\"attachment wp-att-12359\"><img loading=\"lazy\" decoding=\"async\" class=\"alignnone size-medium wp-image-12359\" src=\"https:\/\/www.frankensicht.de\/wp-content\/uploads\/2019\/03\/getreide-300x225.jpg\" alt=\"\" width=\"300\" height=\"225\" srcset=\"https:\/\/www.frankensicht.de\/wp-content\/uploads\/2019\/03\/getreide-300x225.jpg 300w, https:\/\/www.frankensicht.de\/wp-content\/uploads\/2019\/03\/getreide.jpg 640w\" sizes=\"auto, (max-width: 300px) 100vw, 300px\" \/><\/a><\/p>\n<p>Denn das sichert Arbeitspl\u00e4tze und Wohlstand in Deutschland. Wir k\u00f6nnen es uns nicht leisten, dass<br \/>\nSchl\u00fcsseltechnologien ins Ausland abwandern \u2013 oder erst gar nicht hier entstehen. Klar ist: in der<br \/>\nsozialen Marktwirtschaft hat sich der Staat rauszuhalten, soweit es geht. Aber: In Ausnahmef\u00e4llen<br \/>\nmuss er t\u00e4tig werden, um schwere Nachteile f\u00fcr die eigene Volkswirtschaft und das gesamtstaatliche<br \/>\nWohl zu vermeiden. Mit der Strategie habe ich Vorschl\u00e4ge gemacht, wie wir unsere soziale<br \/>\nMarktwirtschaft zukunftsf\u00e4hig und stark machen k\u00f6nnen. Dar\u00fcber werden wir heute diskutieren.\u201c<br \/>\nAm 5. Februar 2019 hatte Bundeswirtschaftsminister Altmaier den Entwurf der \u201eNationalen<br \/>\nIndustriestrategie 2030\u201c vorgestellt. Die Industriestrategie wird nun mit relevanten Akteuren aus<br \/>\nIndustrie, Wirtschaft, Gewerkschaften und Wissenschaft, den Vertreterinnen und Vertretern der<br \/>\nFraktionen des Deutschen Bundestages und der Bundesl\u00e4nder diskutiert und fortentwickelt. Daneben<br \/>\ner\u00f6rtert Minister Altmaier die Industriestrategie bei seiner Vielzahl Terminen mit seinen<br \/>\nEU-Amtskollegen sowie Vertretern der EU. Gespr\u00e4che fanden etwa bereits mit seinem franz\u00f6sischen<br \/>\nAmtskollegen Le Maire oder der EU-Wettbewerbskommissarin Vestager statt. Ziel ist es, auf der<br \/>\nGrundlage der Ergebnisse dieser breit angelegten Dialoge den Entwurf der \u201eNationalen<br \/>\nIndustriestrategie 2030\u201c zu einer Regierungsstrategie weiterzuentwickeln.<br \/>\nDie Strategie finden Sie .<\/p>\n<p>https:\/\/www.bmwi.de\/Redaktion\/DE\/Pressemitteilungen\/2019\/20190305-altmaier-diskutiert-mit-fuehrenden-wirtschaftswissenschaftlern-nationale-industriestrategie-2030.html<\/p>\n<p>Quelle: bmwi.bayern.de<\/p>\n","protected":false},"excerpt":{"rendered":"<p>M\u00fcnchen: Altmaier diskutiert mit f\u00fchrenden Wirtschaftswissenschaftlern \u00fcber \u201eNationale Industriestrategie 2030\u201c Bundeswirtschaftsminister Altmaier hat heute f\u00fchrende Wirtschaftswissenschaftler zu einer Diskussion \u00fcber seinen Entwurf einer \u201eNationalen Industriestrategie 2030\u201c ins BMWi eingeladen. Bundesminister Altmaier: \u201eMit der \u201eNationalen Industriestrategie 2030&#8243; m\u00f6chte ich gemeinsam mit den Akteuren der Wirtschaft einen Beitrag dazu leisten, dass die deutsche Industrie auch in den [&hellip;]<\/p>\n","protected":false},"author":7,"featured_media":12359,"comment_status":"closed","ping_status":"open","sticky":false,"template":"","format":"standard","meta":{"footnotes":""},"categories":[78,71],"tags":[2777],"class_list":["post-12356","post","type-post","status-publish","format-standard","has-post-thumbnail","hentry","category-bayern","category-menue","tag-nationale-industriestrategie-2030"],"_links":{"self":[{"href":"https:\/\/www.frankensicht.de\/index.php?rest_route=\/wp\/v2\/posts\/12356","targetHints":{"allow":["GET"]}}],"collection":[{"href":"https:\/\/www.frankensicht.de\/index.php?rest_route=\/wp\/v2\/posts"}],"about":[{"href":"https:\/\/www.frankensicht.de\/index.php?rest_route=\/wp\/v2\/types\/post"}],"author":[{"embeddable":true,"href":"https:\/\/www.frankensicht.de\/index.php?rest_route=\/wp\/v2\/users\/7"}],"replies":[{"embeddable":true,"href":"https:\/\/www.frankensicht.de\/index.php?rest_route=%2Fwp%2Fv2%2Fcomments&post=12356"}],"version-history":[{"count":3,"href":"https:\/\/www.frankensicht.de\/index.php?rest_route=\/wp\/v2\/posts\/12356\/revisions"}],"predecessor-version":[{"id":12360,"href":"https:\/\/www.frankensicht.de\/index.php?rest_route=\/wp\/v2\/posts\/12356\/revisions\/12360"}],"wp:featuredmedia":[{"embeddable":true,"href":"https:\/\/www.frankensicht.de\/index.php?rest_route=\/wp\/v2\/media\/12359"}],"wp:attachment":[{"href":"https:\/\/www.frankensicht.de\/index.php?rest_route=%2Fwp%2Fv2%2Fmedia&parent=12356"}],"wp:term":[{"taxonomy":"category","embeddable":true,"href":"https:\/\/www.frankensicht.de\/index.php?rest_route=%2Fwp%2Fv2%2Fcategories&post=12356"},{"taxonomy":"post_tag","embeddable":true,"href":"https:\/\/www.frankensicht.de\/index.php?rest_route=%2Fwp%2Fv2%2Ftags&post=12356"}],"curies":[{"name":"wp","href":"https:\/\/api.w.org\/{rel}","templated":true}]}}