{"id":12354,"date":"2019-03-05T08:05:49","date_gmt":"2019-03-05T07:05:49","guid":{"rendered":"http:\/\/www.frankensicht.de\/?p=12354"},"modified":"2019-03-05T08:05:49","modified_gmt":"2019-03-05T07:05:49","slug":"lena-grossmann-gestaltet-die-kreative-zukunft-der-kunst-und-kulturlandschaft-bayerns-mit","status":"publish","type":"post","link":"https:\/\/www.frankensicht.de\/?p=12354","title":{"rendered":"&#8222;Lena Grossmann gestaltet die kreative Zukunft der Kunst- und Kulturlandschaft Bayerns mit&#8220;"},"content":{"rendered":"<p><span style=\"color: #ff0000;\">M\u00fcnchen:<\/span><\/p>\n<p>Kunstminister Bernd Sibler gratuliert Nachwuchstalent von der Akademie der Bildenden K\u00fcnste M\u00fcnchen zum Bundespreis f\u00fcr Kunststudierende &#8211; &#8222;Lena Grossmann gestaltet die kreative Zukunft der Kunst- und Kulturlandschaft Bayerns mit&#8220;<\/p>\n<p>Kunstminister Bernd Sibler gratuliert der M\u00fcnchnerin Lena Grossmann, Studentin an der Akademie der Bildenden K\u00fcnste M\u00fcnchen, zur Auszeichnung im 24. Bundeswettbewerb \u201eBundespreis f\u00fcr Kunststudierende\u201c 2018 bis 2020: \u201eLena Grossmann hat eindr\u00fccklich gezeigt, welch gro\u00dfes k\u00fcnstlerisches Talent und K\u00f6nnen sie besitzt. Ich gratuliere ihr herzlich zu diesem Erfolg! Es freut mich sehr, dass eine Studentin der Akademie der Bildenden K\u00fcnste M\u00fcnchen die Chance erh\u00e4lt, ihr Werk bundesweit zu pr\u00e4sentieren. Nachwuchsk\u00fcnstlerinnen wie Lena Grossmann tragen in hohem Ma\u00df zur gro\u00dfen Strahlkraft der Kunst- und Kulturlandschaft im Freistaat bei! Sie gestalten unsere kreative Zukunft mit!\u201c<\/p>\n<p><a href=\"https:\/\/www.frankensicht.de\/?attachment_id=7610\" rel=\"attachment wp-att-7610\"><img loading=\"lazy\" decoding=\"async\" class=\"alignnone size-medium wp-image-7610\" src=\"https:\/\/www.frankensicht.de\/wp-content\/uploads\/2014\/09\/bayern-300x180.png\" alt=\"\" width=\"300\" height=\"180\" srcset=\"https:\/\/www.frankensicht.de\/wp-content\/uploads\/2014\/09\/bayern-300x180.png 300w, https:\/\/www.frankensicht.de\/wp-content\/uploads\/2014\/09\/bayern.png 1000w\" sizes=\"auto, (max-width: 300px) 100vw, 300px\" \/><\/a><\/p>\n<p>Lena Grossmann studiert an der Akademie der Bildenden K\u00fcnste in M\u00fcnchen u.a. Bildhauerei und Grundlagen des dreidimensionalen Gestaltens. In Ausstellungen zeigt sie Installationen und Choreographien.<\/p>\n<p>Als eine von sieben Nachwuchsk\u00fcnstlerinnen bzw. -k\u00fcnstlern teilt sich Lena Grossmann die mit insgesamt 30.000 Euro dotierte Auszeichnung sowie Produktionsstipendien in H\u00f6he von 18.000 Euro mit den weiteren Preistr\u00e4gerinnen und -tr\u00e4gern. Zudem werden ihre Werke in der Bundeskunsthalle in Bonn vom 18. Oktober 2019 bis 5. Januar 2020 einer breiten \u00d6ffentlichkeit vorgestellt. Im Rahmen der Ausstellungser\u00f6ffnung am 17. Oktober 2019 findet auch die Preisverleihung statt.<\/p>\n<p>Der Bundespreis f\u00fcr Kunststudierende wird verliehen vom Bundesministerium f\u00fcr Bildung und Forschung (BMBF), von der Kunst- und Ausstellungshalle der Bundesrepublik Deutschland in Bonn (KAH) und vom Deutschen Studentenwerk (DSW).<\/p>\n<p>Quelle:stmwk.bayern.de<\/p>\n","protected":false},"excerpt":{"rendered":"<p>M\u00fcnchen: Kunstminister Bernd Sibler gratuliert Nachwuchstalent von der Akademie der Bildenden K\u00fcnste M\u00fcnchen zum Bundespreis f\u00fcr Kunststudierende &#8211; &#8222;Lena Grossmann gestaltet die kreative Zukunft der Kunst- und Kulturlandschaft Bayerns mit&#8220; Kunstminister Bernd Sibler gratuliert der M\u00fcnchnerin Lena Grossmann, Studentin an der Akademie der Bildenden K\u00fcnste M\u00fcnchen, zur Auszeichnung im 24. Bundeswettbewerb \u201eBundespreis f\u00fcr Kunststudierende\u201c 2018 [&hellip;]<\/p>\n","protected":false},"author":7,"featured_media":7610,"comment_status":"closed","ping_status":"open","sticky":false,"template":"","format":"standard","meta":{"footnotes":""},"categories":[78,71],"tags":[2776],"class_list":["post-12354","post","type-post","status-publish","format-standard","has-post-thumbnail","hentry","category-bayern","category-menue","tag-lena-grossmann"],"_links":{"self":[{"href":"https:\/\/www.frankensicht.de\/index.php?rest_route=\/wp\/v2\/posts\/12354","targetHints":{"allow":["GET"]}}],"collection":[{"href":"https:\/\/www.frankensicht.de\/index.php?rest_route=\/wp\/v2\/posts"}],"about":[{"href":"https:\/\/www.frankensicht.de\/index.php?rest_route=\/wp\/v2\/types\/post"}],"author":[{"embeddable":true,"href":"https:\/\/www.frankensicht.de\/index.php?rest_route=\/wp\/v2\/users\/7"}],"replies":[{"embeddable":true,"href":"https:\/\/www.frankensicht.de\/index.php?rest_route=%2Fwp%2Fv2%2Fcomments&post=12354"}],"version-history":[{"count":1,"href":"https:\/\/www.frankensicht.de\/index.php?rest_route=\/wp\/v2\/posts\/12354\/revisions"}],"predecessor-version":[{"id":12355,"href":"https:\/\/www.frankensicht.de\/index.php?rest_route=\/wp\/v2\/posts\/12354\/revisions\/12355"}],"wp:featuredmedia":[{"embeddable":true,"href":"https:\/\/www.frankensicht.de\/index.php?rest_route=\/wp\/v2\/media\/7610"}],"wp:attachment":[{"href":"https:\/\/www.frankensicht.de\/index.php?rest_route=%2Fwp%2Fv2%2Fmedia&parent=12354"}],"wp:term":[{"taxonomy":"category","embeddable":true,"href":"https:\/\/www.frankensicht.de\/index.php?rest_route=%2Fwp%2Fv2%2Fcategories&post=12354"},{"taxonomy":"post_tag","embeddable":true,"href":"https:\/\/www.frankensicht.de\/index.php?rest_route=%2Fwp%2Fv2%2Ftags&post=12354"}],"curies":[{"name":"wp","href":"https:\/\/api.w.org\/{rel}","templated":true}]}}