{"id":12157,"date":"2018-12-11T08:47:05","date_gmt":"2018-12-11T07:47:05","guid":{"rendered":"http:\/\/www.frankensicht.de\/?p=12157"},"modified":"2018-12-11T08:47:05","modified_gmt":"2018-12-11T07:47:05","slug":"neue-abfahrtsrampe-passau-auerbach-verbindet-b-12-und-b-8","status":"publish","type":"post","link":"https:\/\/www.frankensicht.de\/?p=12157","title":{"rendered":"Neue Abfahrtsrampe Passau-Auerbach verbindet B 12 und B 8"},"content":{"rendered":"<p><span style=\"color: #ff0000;\">Passau:<\/span><\/p>\n<p>Neue Abfahrtsrampe Passau-Auerbach verbindet B 12 und B 8<\/p>\n<p>Scheuer: Mobilit\u00e4tsschub f\u00fcr Passau und die Region<\/p>\n<p>Feierliche Verkehrsfreigabe in Passau: Bundesverkehrsminister Andreas Scheuer hat heute die Abfahrtsrampe Passau-Auerbach, die neue Verbindung zwischen der B 12 und der B 8, offiziell f\u00fcr den Verkehr freigegeben. Der Verkehr rollt bereits seit dem 29. November 2018, doch nun erst wurde das Infrastrukturprojekt gemeinsam von Bund und Stadt feierlich eingeweiht. In das Projekt haben der Bund und die Stadt Passau insgesamt 5,1 Millionen Euro (3,7 Mio. Euro Bund) investiert.<\/p>\n<p><a href=\"https:\/\/www.frankensicht.de\/?attachment_id=12160\" rel=\"attachment wp-att-12160\"><img loading=\"lazy\" decoding=\"async\" class=\"alignnone size-medium wp-image-12160\" src=\"https:\/\/www.frankensicht.de\/wp-content\/uploads\/2018\/12\/P1020907-300x225.jpg\" alt=\"\" width=\"300\" height=\"225\" srcset=\"https:\/\/www.frankensicht.de\/wp-content\/uploads\/2018\/12\/P1020907-300x225.jpg 300w, https:\/\/www.frankensicht.de\/wp-content\/uploads\/2018\/12\/P1020907.jpg 640w\" sizes=\"auto, (max-width: 300px) 100vw, 300px\" \/><\/a><\/p>\n<p>Scheuer:<\/p>\n<p>Gro\u00dfe und auch kleine Projekte wie die Abfahrtsrampe in Passau-Auerbach sorgen daf\u00fcr, dass die Menschen in unserem Land st\u00f6rungsfrei bis vor ihre Haust\u00fcr kommen. Das bringt den Menschen in unseren Regionen echte Lebensqualit\u00e4t. Konkret in Passau hei\u00dft dies: der Verkehr wird schneller und sicherer. Das ist ein wichtiger Mobilit\u00e4tsschub f\u00fcr Passau und die Region.<\/p>\n<p>Durch die neue Abfahrtsrampe Passau-Auerbach zwischen B 12 und B 8 wird das Streckennetz nun leistungsf\u00e4higer. Es gibt weniger Staus und Verz\u00f6gerungen. Davon profitiert der Pendler- und Wirtschaftsverkehr als auch der Urlaubs- und Freizeitverkehr.<\/p>\n<p>Bislang war die Verkehrsbelastung &#8211; insbesondere der B 12 \u2013 mit durchschnittlich mehr als 27.000\u00a0Fahrzeugen pro Tag sehr hoch. Das ist fast dreimal so viel wie sonst auf bayrischen Bundesstra\u00dfen.<\/p>\n","protected":false},"excerpt":{"rendered":"<p>Passau: Neue Abfahrtsrampe Passau-Auerbach verbindet B 12 und B 8 Scheuer: Mobilit\u00e4tsschub f\u00fcr Passau und die Region Feierliche Verkehrsfreigabe in Passau: Bundesverkehrsminister Andreas Scheuer hat heute die Abfahrtsrampe Passau-Auerbach, die neue Verbindung zwischen der B 12 und der B 8, offiziell f\u00fcr den Verkehr freigegeben. Der Verkehr rollt bereits seit dem 29. November 2018, doch [&hellip;]<\/p>\n","protected":false},"author":7,"featured_media":12160,"comment_status":"closed","ping_status":"open","sticky":false,"template":"","format":"standard","meta":{"footnotes":""},"categories":[78,71],"tags":[2699,2700],"class_list":["post-12157","post","type-post","status-publish","format-standard","has-post-thumbnail","hentry","category-bayern","category-menue","tag-b12","tag-b8"],"_links":{"self":[{"href":"https:\/\/www.frankensicht.de\/index.php?rest_route=\/wp\/v2\/posts\/12157","targetHints":{"allow":["GET"]}}],"collection":[{"href":"https:\/\/www.frankensicht.de\/index.php?rest_route=\/wp\/v2\/posts"}],"about":[{"href":"https:\/\/www.frankensicht.de\/index.php?rest_route=\/wp\/v2\/types\/post"}],"author":[{"embeddable":true,"href":"https:\/\/www.frankensicht.de\/index.php?rest_route=\/wp\/v2\/users\/7"}],"replies":[{"embeddable":true,"href":"https:\/\/www.frankensicht.de\/index.php?rest_route=%2Fwp%2Fv2%2Fcomments&post=12157"}],"version-history":[{"count":1,"href":"https:\/\/www.frankensicht.de\/index.php?rest_route=\/wp\/v2\/posts\/12157\/revisions"}],"predecessor-version":[{"id":12161,"href":"https:\/\/www.frankensicht.de\/index.php?rest_route=\/wp\/v2\/posts\/12157\/revisions\/12161"}],"wp:featuredmedia":[{"embeddable":true,"href":"https:\/\/www.frankensicht.de\/index.php?rest_route=\/wp\/v2\/media\/12160"}],"wp:attachment":[{"href":"https:\/\/www.frankensicht.de\/index.php?rest_route=%2Fwp%2Fv2%2Fmedia&parent=12157"}],"wp:term":[{"taxonomy":"category","embeddable":true,"href":"https:\/\/www.frankensicht.de\/index.php?rest_route=%2Fwp%2Fv2%2Fcategories&post=12157"},{"taxonomy":"post_tag","embeddable":true,"href":"https:\/\/www.frankensicht.de\/index.php?rest_route=%2Fwp%2Fv2%2Ftags&post=12157"}],"curies":[{"name":"wp","href":"https:\/\/api.w.org\/{rel}","templated":true}]}}