{"id":12113,"date":"2018-11-29T08:58:20","date_gmt":"2018-11-29T07:58:20","guid":{"rendered":"http:\/\/www.frankensicht.de\/?p=12113"},"modified":"2018-11-29T08:58:20","modified_gmt":"2018-11-29T07:58:20","slug":"wissenschafts-und-kunstminister-bernd-sibler-im-gespraech-mit-der-vorsitzenden-der-landeskonferenz-der-bayerischen-kunsthochschulen-prof-bettina-reitz","status":"publish","type":"post","link":"https:\/\/www.frankensicht.de\/?p=12113","title":{"rendered":"Wissenschafts- und Kunstminister Bernd Sibler im Gespr\u00e4ch mit der Vorsitzenden der Landeskonferenz der Bayerischen Kunsthochschulen Prof. Bettina Reitz"},"content":{"rendered":"<p><span style=\"color: #ff0000;\">M\u00fcnchen:<\/span><\/p>\n<p>Wissenschafts- und Kunstminister Bernd Sibler im Gespr\u00e4ch mit der Vorsitzenden der Landeskonferenz der Bayerischen Kunsthochschulen Prof. Bettina Reitz<\/p>\n<p>&#8222;Direkter und offener Austausch f\u00fcr vertrauensvolle Zusammenarbeit\u00a0&#8211; das ist mein Anspruch&#8220;<\/p>\n<p>\u201eUnsere sechs bayerischen Kunsthochschulen sind eine Perle unserer Kultur- und Kunstlandschaft. Sie bilden die kreativen Gestalter von morgen aus! Mit ihrem besonderen Profil nehmen sie unter unseren Hochschulen eine besondere Rolle ein. National wie international genie\u00dfen sie einen hervorragenden Ruf\u201c, betonte Wissenschafts- und Kunstminister Bernd Sibler heute bei seinem ersten Austausch mit der Vorsitzenden der Landeskonferenz der Bayerischen Kunsthochschulen Prof. Bettina Reitz, Pr\u00e4sidentin der Hochschule f\u00fcr Fernsehen und Film M\u00fcnchen (HFF).<\/p>\n<p>Die fruchtbare Zusammenarbeit fortzusetzen, die Minister Sibler in seinem Amt als Wissenschafts- und Kunststaatssekret\u00e4r mit den Kunsthochschulen gepflegt hatte, ist ihm ein echtes Anliegen: \u201eDer direkte und offene Austausch ist f\u00fcr mich entscheidend. Schlie\u00dflich teilen wir das gemeinsame Ziel, die Rahmenbedingungen f\u00fcr die wertvolle Arbeit unserer Kunsthochschulen noch weiter zu verbessern.\u201c HFF-Pr\u00e4sidentin Prof. Bettina Reitz betonte im Anschluss an das Gespr\u00e4ch: \u201eIm Namen meiner Kollegen*innen der Kunsthochschulen Bayerns bin ich dankbar, dass unser neuer Wissenschafts- und Kunstminister Bernd Sibler so schnell nach seinem Amtsantritt den Austausch mit den Kunsthochschulen sucht.\u201c<\/p>\n<p><a href=\"https:\/\/www.frankensicht.de\/?attachment_id=9432\" rel=\"attachment wp-att-9432\"><img loading=\"lazy\" decoding=\"async\" class=\"alignnone size-medium wp-image-9432\" src=\"https:\/\/www.frankensicht.de\/wp-content\/uploads\/2016\/04\/P1000974-300x225.jpg\" alt=\"\" width=\"300\" height=\"225\" srcset=\"https:\/\/www.frankensicht.de\/wp-content\/uploads\/2016\/04\/P1000974-300x225.jpg 300w, https:\/\/www.frankensicht.de\/wp-content\/uploads\/2016\/04\/P1000974.jpg 640w\" sizes=\"auto, (max-width: 300px) 100vw, 300px\" \/><\/a><\/p>\n<p>Kreatives Ansto\u00dfen<\/p>\n<p>Als \u201evielseitig und von gro\u00dfem Wert f\u00fcr das k\u00fcnstlerische Leben\u201c bezeichnete der Minister die Aufgaben, die die Kunsthochschulen erf\u00fcllen. Talentierte junge Menschen in ihren Begabungen intensiv zu f\u00f6rdern, geh\u00f6re ebenso zu ihrem Kerngesch\u00e4ft wie das kreative Ansto\u00dfen neuer technischer Herangehensweisen. Dar\u00fcber hinaus gestalteten sie laut Minister Sibler das vielf\u00e4ltige und hochwertige Kulturangebot im Freistaat entscheidend mit. Prof. Reitz erg\u00e4nzte: \u201eIn einer Gegenwart und einer Zukunft, die bei der Schnelligkeit von Entwicklungen kaum mehr vorhersehbar ist, nimmt die Kunst in all ihren Facetten eine tragende Rolle als kulturelle Basis einer Gesellschaft im Wandel ein. Sie muss auch k\u00fcnftig eine starke Stimme sein und die enormen Weiterentwicklungen der uns umgebenden Welt wie beispielsweise im Bereich Digitalisierung nicht nur spiegeln, sondern kennen, nutzen und kreativ-innovativ mitgestalten. Die Kunsthochschulen m\u00fcssen f\u00fcr diese Herausforderungen gut ausgestattet und aufgestellt sein. Im Austausch mit Staatsminister Bernd Sibler durfte ich feststellen, dass er Verst\u00e4ndnis f\u00fcr die Belange der Kunsthochschulen mitbringt und unsere Ansichten \u00fcber die Notwendigkeit zukunftsweisender Reformationen versteht.\u201c Sie freue sich daher stellvertretend f\u00fcr alle Kollegen*innen der Kunsthochschulen Bayerns darauf, \u201edie Aufgaben und auch Anstrengungen, die n\u00f6tig sein werden, um unsere Hochschulen in eine wettbewerbsf\u00e4hige Zukunft zu f\u00fchren, im Schulterschluss anzugehen.\u201c<\/p>\n<p>Gro\u00dfe Verantwortung f\u00fcr Kunsthochschulen<\/p>\n<p>Der Minister bekr\u00e4ftigte, sich seiner gro\u00dfen Verantwortung gegen\u00fcber den Kunsthochschulen voll bewusst zu sein. So liegt es beim Wissenschafts- und Kunstminister, die Professorinnen und Professoren der Kunsthochschulen zu berufen und damit bedeutende Weichen f\u00fcr deren Entwicklung zu stellen. Vertrauensvoll werde man sich gemeinsam etwa den Fragen der Personalausstattung oder der r\u00e4umlichen Erweiterung annehmen. \u201eInvestitionen in unsere Kunsthochschulen sind Anlagen f\u00fcr die Zukunft unseres Kulturstaates\u201c, so Sibler.<\/p>\n<p>Der Landeskonferenz der Bayerischen Kunsthochschulen geh\u00f6ren die Akademie der Bildenden K\u00fcnste M\u00fcnchen, die Akademie der Bildenden K\u00fcnste N\u00fcrnberg, die Hochschule f\u00fcr Fernsehen und Film M\u00fcnchen, die Hochschule f\u00fcr Musik und Theater M\u00fcnchen, die Hochschule f\u00fcr Musik N\u00fcrnberg und die Hochschule f\u00fcr Musik W\u00fcrzburg an.<\/p>\n","protected":false},"excerpt":{"rendered":"<p>M\u00fcnchen: Wissenschafts- und Kunstminister Bernd Sibler im Gespr\u00e4ch mit der Vorsitzenden der Landeskonferenz der Bayerischen Kunsthochschulen Prof. Bettina Reitz &#8222;Direkter und offener Austausch f\u00fcr vertrauensvolle Zusammenarbeit\u00a0&#8211; das ist mein Anspruch&#8220; \u201eUnsere sechs bayerischen Kunsthochschulen sind eine Perle unserer Kultur- und Kunstlandschaft. Sie bilden die kreativen Gestalter von morgen aus! Mit ihrem besonderen Profil nehmen sie [&hellip;]<\/p>\n","protected":false},"author":7,"featured_media":9432,"comment_status":"closed","ping_status":"open","sticky":false,"template":"","format":"standard","meta":{"footnotes":""},"categories":[78,3],"tags":[2691],"class_list":["post-12113","post","type-post","status-publish","format-standard","has-post-thumbnail","hentry","category-bayern","category-news","tag-kunsthochschulen"],"_links":{"self":[{"href":"https:\/\/www.frankensicht.de\/index.php?rest_route=\/wp\/v2\/posts\/12113","targetHints":{"allow":["GET"]}}],"collection":[{"href":"https:\/\/www.frankensicht.de\/index.php?rest_route=\/wp\/v2\/posts"}],"about":[{"href":"https:\/\/www.frankensicht.de\/index.php?rest_route=\/wp\/v2\/types\/post"}],"author":[{"embeddable":true,"href":"https:\/\/www.frankensicht.de\/index.php?rest_route=\/wp\/v2\/users\/7"}],"replies":[{"embeddable":true,"href":"https:\/\/www.frankensicht.de\/index.php?rest_route=%2Fwp%2Fv2%2Fcomments&post=12113"}],"version-history":[{"count":1,"href":"https:\/\/www.frankensicht.de\/index.php?rest_route=\/wp\/v2\/posts\/12113\/revisions"}],"predecessor-version":[{"id":12114,"href":"https:\/\/www.frankensicht.de\/index.php?rest_route=\/wp\/v2\/posts\/12113\/revisions\/12114"}],"wp:featuredmedia":[{"embeddable":true,"href":"https:\/\/www.frankensicht.de\/index.php?rest_route=\/wp\/v2\/media\/9432"}],"wp:attachment":[{"href":"https:\/\/www.frankensicht.de\/index.php?rest_route=%2Fwp%2Fv2%2Fmedia&parent=12113"}],"wp:term":[{"taxonomy":"category","embeddable":true,"href":"https:\/\/www.frankensicht.de\/index.php?rest_route=%2Fwp%2Fv2%2Fcategories&post=12113"},{"taxonomy":"post_tag","embeddable":true,"href":"https:\/\/www.frankensicht.de\/index.php?rest_route=%2Fwp%2Fv2%2Ftags&post=12113"}],"curies":[{"name":"wp","href":"https:\/\/api.w.org\/{rel}","templated":true}]}}