{"id":12104,"date":"2018-11-25T09:00:21","date_gmt":"2018-11-25T08:00:21","guid":{"rendered":"http:\/\/www.frankensicht.de\/?p=12104"},"modified":"2018-11-25T09:00:21","modified_gmt":"2018-11-25T08:00:21","slug":"50-millionen-fuer-die-elektromobilitaet-in-den-staedten","status":"publish","type":"post","link":"https:\/\/www.frankensicht.de\/?p=12104","title":{"rendered":"50 Millionen f\u00fcr die Elektromobilit\u00e4t in den St\u00e4dten"},"content":{"rendered":"<p><span style=\"color: #ff0000;\">Berlin:<\/span><\/p>\n<p>50 Millionen f\u00fcr die Elektromobilit\u00e4t<br \/>\nin den St\u00e4dten<\/p>\n<p>Bundesminister Scheuer \u00fcbergibt F\u00f6rderbescheide f\u00fcr kommunale Elektromobilit\u00e4tsprojekte<\/p>\n<p>Andreas Scheuer, Bundesminister f\u00fcr Verkehr und digitale Infrastruktur, hat heute weitere F\u00f6rderbescheide in H\u00f6he von rund 50 Millionen Euro f\u00fcr kommunale Elektromobilit\u00e4tsprojekte \u00fcbergeben. Die F\u00f6rderung erfolgt im Rahmen des &#8222;Sofortprogramms Saubere Luft 2017-2020&#8220;.<\/p>\n<p><a href=\"https:\/\/www.frankensicht.de\/?attachment_id=11865\" rel=\"attachment wp-att-11865\"><img loading=\"lazy\" decoding=\"async\" class=\"alignnone size-medium wp-image-11865\" src=\"https:\/\/www.frankensicht.de\/wp-content\/uploads\/2018\/08\/tesla-300x225.jpg\" alt=\"\" width=\"300\" height=\"225\" srcset=\"https:\/\/www.frankensicht.de\/wp-content\/uploads\/2018\/08\/tesla-300x225.jpg 300w, https:\/\/www.frankensicht.de\/wp-content\/uploads\/2018\/08\/tesla.jpg 640w\" sizes=\"auto, (max-width: 300px) 100vw, 300px\" \/><\/a><\/p>\n<p>Bundesminister Andreas Scheuer:<\/p>\n<p>Wir wollen noch bessere Luft in unseren St\u00e4dten. Allein heute investieren wir daf\u00fcr mehr als 50 Millionen Euro f\u00fcr kommunale Elektromobilit\u00e4tsprojekte. 2.000 E-Fahrzeuge und \u00fcber 1.100 Ladem\u00f6glichkeiten kommen so auf die Stra\u00dfe. Damit sorgen wir f\u00fcr attraktivere Mobilit\u00e4tsangebote und treiben die Elektromobilit\u00e4t in den St\u00e4dten weiter voran. Im Rahmen des Bundesprogramms Ladeinfrastruktur wurden bisher Antr\u00e4ge f\u00fcr \u00fcber 15.000 Ladepunkte bewilligt und die Zahl der vorhandenen Ladepunkte damit mehr als verdoppelt &#8211; ein gro\u00dfer Erfolg! Daran wollen wir ankn\u00fcpfen: Ab heute k\u00f6nnen wieder Antr\u00e4ge gestellt werden.<\/p>\n<p>Bis zum Jahresende werden alle im Rahmen des Sofortprogramms zur F\u00f6rderrichtlinie Elektromobilit\u00e4t des BMVI eingegangenen Antr\u00e4ge mit einem Volumen von 175\u00a0Millionen Euro beschieden sein. Damit k\u00f6nnen gut 7.500\u00a0E-Fahrzeuge bewilligt werden.<\/p>\n<p>Die F\u00f6rderung ist Teil des &#8222;Sofortprogramms Saubere Luft 2017-2020&#8220;. Der Bund hat das Programm auf dem zweiten Kommunalgipfel am 28.\u00a0November\u00a02017 aufgelegt und stellt damit 1\u00a0Milliarde Euro f\u00fcr von EU-Grenzwert\u00fcberschreitungen betroffene Kommunen bereit. Gegenstand des Sofortprogramms sind neben Ma\u00dfnahmen f\u00fcr die Elektrifizierung des urbanen Verkehrs und die Errichtung von Ladeinfrastruktur (393 Millionen Euro) auch Ma\u00dfnahmen f\u00fcr die Digitalisierung von Verkehrssystemen (500\u00a0Millionen Euro) sowie die Nachr\u00fcstung von Diesel-Bussen im \u00d6PNV mit Abgasnachbehandlungssystemen (107\u00a0Millionen Euro).<\/p>\n<p>Quelle: bmvi.bund.de<\/p>\n","protected":false},"excerpt":{"rendered":"<p>Berlin: 50 Millionen f\u00fcr die Elektromobilit\u00e4t in den St\u00e4dten Bundesminister Scheuer \u00fcbergibt F\u00f6rderbescheide f\u00fcr kommunale Elektromobilit\u00e4tsprojekte Andreas Scheuer, Bundesminister f\u00fcr Verkehr und digitale Infrastruktur, hat heute weitere F\u00f6rderbescheide in H\u00f6he von rund 50 Millionen Euro f\u00fcr kommunale Elektromobilit\u00e4tsprojekte \u00fcbergeben. Die F\u00f6rderung erfolgt im Rahmen des &#8222;Sofortprogramms Saubere Luft 2017-2020&#8220;. Bundesminister Andreas Scheuer: Wir wollen noch [&hellip;]<\/p>\n","protected":false},"author":7,"featured_media":11865,"comment_status":"closed","ping_status":"open","sticky":false,"template":"","format":"standard","meta":{"footnotes":""},"categories":[44,383,3],"tags":[2074],"class_list":["post-12104","post","type-post","status-publish","format-standard","has-post-thumbnail","hentry","category-deutschland-2","category-energie","category-news","tag-elektromobilitaet"],"_links":{"self":[{"href":"https:\/\/www.frankensicht.de\/index.php?rest_route=\/wp\/v2\/posts\/12104","targetHints":{"allow":["GET"]}}],"collection":[{"href":"https:\/\/www.frankensicht.de\/index.php?rest_route=\/wp\/v2\/posts"}],"about":[{"href":"https:\/\/www.frankensicht.de\/index.php?rest_route=\/wp\/v2\/types\/post"}],"author":[{"embeddable":true,"href":"https:\/\/www.frankensicht.de\/index.php?rest_route=\/wp\/v2\/users\/7"}],"replies":[{"embeddable":true,"href":"https:\/\/www.frankensicht.de\/index.php?rest_route=%2Fwp%2Fv2%2Fcomments&post=12104"}],"version-history":[{"count":1,"href":"https:\/\/www.frankensicht.de\/index.php?rest_route=\/wp\/v2\/posts\/12104\/revisions"}],"predecessor-version":[{"id":12105,"href":"https:\/\/www.frankensicht.de\/index.php?rest_route=\/wp\/v2\/posts\/12104\/revisions\/12105"}],"wp:featuredmedia":[{"embeddable":true,"href":"https:\/\/www.frankensicht.de\/index.php?rest_route=\/wp\/v2\/media\/11865"}],"wp:attachment":[{"href":"https:\/\/www.frankensicht.de\/index.php?rest_route=%2Fwp%2Fv2%2Fmedia&parent=12104"}],"wp:term":[{"taxonomy":"category","embeddable":true,"href":"https:\/\/www.frankensicht.de\/index.php?rest_route=%2Fwp%2Fv2%2Fcategories&post=12104"},{"taxonomy":"post_tag","embeddable":true,"href":"https:\/\/www.frankensicht.de\/index.php?rest_route=%2Fwp%2Fv2%2Ftags&post=12104"}],"curies":[{"name":"wp","href":"https:\/\/api.w.org\/{rel}","templated":true}]}}