{"id":11995,"date":"2018-10-14T08:33:44","date_gmt":"2018-10-14T06:33:44","guid":{"rendered":"http:\/\/www.frankensicht.de\/?p=11995"},"modified":"2018-10-14T08:33:44","modified_gmt":"2018-10-14T06:33:44","slug":"naturpark-ammergauer-alpen-stellt-erste-ranger-ein","status":"publish","type":"post","link":"https:\/\/www.frankensicht.de\/?p=11995","title":{"rendered":"Naturpark Ammergauer Alpen stellt erste Ranger ein"},"content":{"rendered":"<p><span style=\"color: #ff0000;\">M\u00fcnchen:<\/span><\/p>\n<p>Huber: Naturoffensive st\u00e4rkt Naturparke<br \/>\nNaturpark Ammergauer Alpen stellt erste Ranger ein<\/p>\n<p>Die Naturoffensive Bayern st\u00e4rkt landesweit die Naturparke: Hierzu werden ab sofort 60 Naturpark-Ranger eingestellt, die sich um den Schutz der Natur k\u00fcmmern, Informationsarbeit leisten sowie Ansprechpartner f\u00fcr G\u00e4ste und Einheimische rund um das Thema Naturpark sind. Au\u00dferdem werben sie f\u00fcr eine naturvertr\u00e4gliche Nutzung und Erholung in der Region und werden bei wissenschaftlichen Untersuchungen unterst\u00fctzend t\u00e4tig. Umweltminister Dr. Marcel Huber betonte dazu heute: &#8222;Naturparke sind Naturerlebnisregionen aller erster G\u00fcte. Sie sind ein wichtiger Pfeiler f\u00fcr die Bewahrung unserer Heimat. Sie machen die Natur in ihrer ganzen Vielfalt erlebbar. Um die Lebensqualit\u00e4t in Bayern auf Top-Niveau zu sichern, st\u00e4rken wir auch unsere Naturparke. B\u00fcrgernahe Naturerlebnisangebote und eine enge Zusammenarbeit sind der Schl\u00fcssel f\u00fcr Erfolge in der Fl\u00e4che. Insbesondere unsere Naturpark-Ranger sollen wichtige Mittler zwischen Mensch und Natur sein.&#8220; Die ersten drei Ranger wurden aktuell im Naturpark Ammergauer Alpen eingestellt. Sie sollen dort unter anderem den Schutz sensibler Moorfl\u00e4chen mit besonders sch\u00fctzenswerten Pflanzen wie dem Karlszepter gew\u00e4hrleisten. Auch der Naturpark Spessart stellt ab November einen Ranger ein &#8211; weitere werden in den 19 Naturparken Bayerns folgen. Der Vorsitzende des Naturparkverbands Bayern, der Eichst\u00e4tter Landrat Anton Knapp, freut sich \u00fcber die Ranger: &#8222;Damit k\u00f6nnen wir die Naturparke f\u00fcr Einwohner und Besucher noch attraktiver machen und gleichzeitig Natur und Landschaft besser sch\u00fctzen. Das ist eine wichtige St\u00e4rkung unserer Arbeit.&#8220;<\/p>\n<p><a href=\"https:\/\/www.frankensicht.de\/?attachment_id=11996\" rel=\"attachment wp-att-11996\"><img loading=\"lazy\" decoding=\"async\" class=\"alignnone size-medium wp-image-11996\" src=\"https:\/\/www.frankensicht.de\/wp-content\/uploads\/2018\/10\/greif2-300x225.jpg\" alt=\"\" width=\"300\" height=\"225\" srcset=\"https:\/\/www.frankensicht.de\/wp-content\/uploads\/2018\/10\/greif2-300x225.jpg 300w, https:\/\/www.frankensicht.de\/wp-content\/uploads\/2018\/10\/greif2.jpg 640w\" sizes=\"auto, (max-width: 300px) 100vw, 300px\" \/><\/a><br \/>\nNaturparke sind gro\u00dfr\u00e4umige Gebiete, die in der Regel mindestens 20.000 Hektar Fl\u00e4che umfassen. Die Fl\u00e4chen sollen \u00fcberwiegend als Landschaftsschutzgebiete oder Naturschutzgebiete gesch\u00fctzt sein und eignen sich wegen ihrer landschaftlichen Voraussetzungen besonders f\u00fcr eine naturvertr\u00e4gliche Erholung.<\/p>\n<p>Mit der Naturoffensive Bayern werden in allen Landesteilen das Naturerlebnis gest\u00e4rkt, Artenreichtum und Lebensr\u00e4ume gef\u00f6rdert und die jeweiligen Besonderheiten der Region dargestellt.<\/p>\n<p>Weitere Informationen zur Naturoffensive Bayerns sind verf\u00fcgbar unter https:\/\/www.stmuv.bayern.de\/themen\/naturschutz\/naturoffensive\/index.htm<\/p>\n<p>Quelle:stmuv.bayern.de<\/p>\n","protected":false},"excerpt":{"rendered":"<p>M\u00fcnchen: Huber: Naturoffensive st\u00e4rkt Naturparke Naturpark Ammergauer Alpen stellt erste Ranger ein Die Naturoffensive Bayern st\u00e4rkt landesweit die Naturparke: Hierzu werden ab sofort 60 Naturpark-Ranger eingestellt, die sich um den Schutz der Natur k\u00fcmmern, Informationsarbeit leisten sowie Ansprechpartner f\u00fcr G\u00e4ste und Einheimische rund um das Thema Naturpark sind. Au\u00dferdem werben sie f\u00fcr eine naturvertr\u00e4gliche Nutzung [&hellip;]<\/p>\n","protected":false},"author":7,"featured_media":11996,"comment_status":"closed","ping_status":"open","sticky":false,"template":"","format":"standard","meta":{"footnotes":""},"categories":[78,71],"tags":[2654,2653],"class_list":["post-11995","post","type-post","status-publish","format-standard","has-post-thumbnail","hentry","category-bayern","category-menue","tag-ammerauer-alpen","tag-naturpark"],"_links":{"self":[{"href":"https:\/\/www.frankensicht.de\/index.php?rest_route=\/wp\/v2\/posts\/11995","targetHints":{"allow":["GET"]}}],"collection":[{"href":"https:\/\/www.frankensicht.de\/index.php?rest_route=\/wp\/v2\/posts"}],"about":[{"href":"https:\/\/www.frankensicht.de\/index.php?rest_route=\/wp\/v2\/types\/post"}],"author":[{"embeddable":true,"href":"https:\/\/www.frankensicht.de\/index.php?rest_route=\/wp\/v2\/users\/7"}],"replies":[{"embeddable":true,"href":"https:\/\/www.frankensicht.de\/index.php?rest_route=%2Fwp%2Fv2%2Fcomments&post=11995"}],"version-history":[{"count":1,"href":"https:\/\/www.frankensicht.de\/index.php?rest_route=\/wp\/v2\/posts\/11995\/revisions"}],"predecessor-version":[{"id":11997,"href":"https:\/\/www.frankensicht.de\/index.php?rest_route=\/wp\/v2\/posts\/11995\/revisions\/11997"}],"wp:featuredmedia":[{"embeddable":true,"href":"https:\/\/www.frankensicht.de\/index.php?rest_route=\/wp\/v2\/media\/11996"}],"wp:attachment":[{"href":"https:\/\/www.frankensicht.de\/index.php?rest_route=%2Fwp%2Fv2%2Fmedia&parent=11995"}],"wp:term":[{"taxonomy":"category","embeddable":true,"href":"https:\/\/www.frankensicht.de\/index.php?rest_route=%2Fwp%2Fv2%2Fcategories&post=11995"},{"taxonomy":"post_tag","embeddable":true,"href":"https:\/\/www.frankensicht.de\/index.php?rest_route=%2Fwp%2Fv2%2Ftags&post=11995"}],"curies":[{"name":"wp","href":"https:\/\/api.w.org\/{rel}","templated":true}]}}