{"id":11897,"date":"2018-09-01T08:05:27","date_gmt":"2018-09-01T06:05:27","guid":{"rendered":"http:\/\/www.frankensicht.de\/?p=11897"},"modified":"2018-09-01T08:05:27","modified_gmt":"2018-09-01T06:05:27","slug":"tschadsee-konferenz-im-auswaertigen-amt","status":"publish","type":"post","link":"https:\/\/www.frankensicht.de\/?p=11897","title":{"rendered":"Tschadsee-Konferenz im Ausw\u00e4rtigen Amt"},"content":{"rendered":"<p><span style=\"color: #ff0000;\">Berlin:<\/span><\/p>\n<p>Tschadsee-Konferenz im Ausw\u00e4rtigen Amt<\/p>\n<p>Am 3. und 4.09.2018 findet im Ausw\u00e4rtigen Amt die hochrangige Konferenz zur Tschadseeregion statt, zu der Deutschland, Nigeria, Norwegen sowie die Vereinten Nationen einladen. Die Konferenz widmet sich den zentralen Fragen der Humanit\u00e4ren Hilfe, Stabilisierung und Entwicklungszusammenarbeit in der Region.<br \/>\nGemeinsam mit den Co-Gastgebern und den Vertretern der Anrainerstaaten wird Au\u00dfen-minister Heiko Maas am 3. September um 10.15 Uhr die Konferenz er\u00f6ffnen und das deutsche Engagement f\u00fcr die Region bekr\u00e4ftigen. Neben den Gastgebern und Ministern der Anrainer-Staaten nehmen internationale Partner, Regional- und UN-Organisationen an der zweit\u00e4gigen Veranstaltung teil, darunter auch Nothilfekoordinator Mark Lowcock und Administrator des UN-Entwicklungsprogramms Achim Steiner. Im Mittelpunkt des zweiten Konferenztages am 4.9. steht der Austausch mit der Zivilgesellschaft.<\/p>\n<p><a href=\"https:\/\/www.frankensicht.de\/?attachment_id=8912\" rel=\"attachment wp-att-8912\"><img loading=\"lazy\" decoding=\"async\" class=\"alignnone size-medium wp-image-8912\" src=\"https:\/\/www.frankensicht.de\/wp-content\/uploads\/2015\/08\/P1000488-300x225.jpg\" alt=\"\" width=\"300\" height=\"225\" srcset=\"https:\/\/www.frankensicht.de\/wp-content\/uploads\/2015\/08\/P1000488-300x225.jpg 300w, https:\/\/www.frankensicht.de\/wp-content\/uploads\/2015\/08\/P1000488.jpg 640w\" sizes=\"auto, (max-width: 300px) 100vw, 300px\" \/><\/a><br \/>\nDie Tschadsee-Region, in der die Grenzen der L\u00e4nder Nigeria, Niger, Tschad und Kamerun zusammenlaufen, ist Schauplatz einer der gr\u00f6\u00dften humanit\u00e4ren Krisen Afrikas. Die islamistische Gruppe Boko Haram terrorisiert die Bev\u00f6lkerung. 2,3 Millionen Menschen sind binnenvertrieben, mehr als 200.000 auf der Flucht, \u00fcber 10 Millionen Menschen sind auf humanit\u00e4re Hilfe angewiesen.<br \/>\nZum Weiterlesen:<br \/>\nhttps:\/\/lakechadberlin.de\/ https:\/\/lakechadberlin.de\/<\/p>\n<p>Quelle:auswaertiges-amt.de<\/p>\n","protected":false},"excerpt":{"rendered":"<p>Berlin: Tschadsee-Konferenz im Ausw\u00e4rtigen Amt Am 3. und 4.09.2018 findet im Ausw\u00e4rtigen Amt die hochrangige Konferenz zur Tschadseeregion statt, zu der Deutschland, Nigeria, Norwegen sowie die Vereinten Nationen einladen. Die Konferenz widmet sich den zentralen Fragen der Humanit\u00e4ren Hilfe, Stabilisierung und Entwicklungszusammenarbeit in der Region. Gemeinsam mit den Co-Gastgebern und den Vertretern der Anrainerstaaten wird [&hellip;]<\/p>\n","protected":false},"author":7,"featured_media":8912,"comment_status":"closed","ping_status":"open","sticky":false,"template":"","format":"standard","meta":{"footnotes":""},"categories":[3,30],"tags":[2616],"class_list":["post-11897","post","type-post","status-publish","format-standard","has-post-thumbnail","hentry","category-news","category-welt","tag-tschadsee-konferenz"],"_links":{"self":[{"href":"https:\/\/www.frankensicht.de\/index.php?rest_route=\/wp\/v2\/posts\/11897","targetHints":{"allow":["GET"]}}],"collection":[{"href":"https:\/\/www.frankensicht.de\/index.php?rest_route=\/wp\/v2\/posts"}],"about":[{"href":"https:\/\/www.frankensicht.de\/index.php?rest_route=\/wp\/v2\/types\/post"}],"author":[{"embeddable":true,"href":"https:\/\/www.frankensicht.de\/index.php?rest_route=\/wp\/v2\/users\/7"}],"replies":[{"embeddable":true,"href":"https:\/\/www.frankensicht.de\/index.php?rest_route=%2Fwp%2Fv2%2Fcomments&post=11897"}],"version-history":[{"count":2,"href":"https:\/\/www.frankensicht.de\/index.php?rest_route=\/wp\/v2\/posts\/11897\/revisions"}],"predecessor-version":[{"id":11899,"href":"https:\/\/www.frankensicht.de\/index.php?rest_route=\/wp\/v2\/posts\/11897\/revisions\/11899"}],"wp:featuredmedia":[{"embeddable":true,"href":"https:\/\/www.frankensicht.de\/index.php?rest_route=\/wp\/v2\/media\/8912"}],"wp:attachment":[{"href":"https:\/\/www.frankensicht.de\/index.php?rest_route=%2Fwp%2Fv2%2Fmedia&parent=11897"}],"wp:term":[{"taxonomy":"category","embeddable":true,"href":"https:\/\/www.frankensicht.de\/index.php?rest_route=%2Fwp%2Fv2%2Fcategories&post=11897"},{"taxonomy":"post_tag","embeddable":true,"href":"https:\/\/www.frankensicht.de\/index.php?rest_route=%2Fwp%2Fv2%2Ftags&post=11897"}],"curies":[{"name":"wp","href":"https:\/\/api.w.org\/{rel}","templated":true}]}}