{"id":11895,"date":"2018-09-02T08:25:19","date_gmt":"2018-09-02T06:25:19","guid":{"rendered":"http:\/\/www.frankensicht.de\/?p=11895"},"modified":"2018-09-02T08:25:19","modified_gmt":"2018-09-02T06:25:19","slug":"bayerns-arbeitsmarkt-weiter-in-sehr-guter-verfassung","status":"publish","type":"post","link":"https:\/\/www.frankensicht.de\/?p=11895","title":{"rendered":"&#8222;Bayerns Arbeitsmarkt weiter in sehr guter Verfassung&#8220;"},"content":{"rendered":"<p><span style=\"color: #ff0000;\">M\u00fcnchen:<\/span><\/p>\n<p>Pschierer: &#8222;Bayerns Arbeitsmarkt weiter in sehr guter Verfassung&#8220;<\/p>\n<p>Der bayerische Arbeitsmarkt zeigt sich weiterhin in sehr guter Verfassung. Die Arbeitslosenquote in Bayern lag im August 2018 bei durchschnittlich 2,9 Prozent und damit saisonbedingt um 0,2 Prozentpunkte leicht \u00fcber dem Niveau des Vormonats. Gegen\u00fcber dem Vorjahresmonat ist die Arbeitslosenquote um 0,3 Prozentpunkte gefallen.<\/p>\n<p><a href=\"https:\/\/www.frankensicht.de\/?attachment_id=1457\" rel=\"attachment wp-att-1457\"><img loading=\"lazy\" decoding=\"async\" class=\"alignnone size-full wp-image-1457\" src=\"https:\/\/www.frankensicht.de\/wp-content\/uploads\/2012\/05\/StatPressCN-\u2039-frankensicht.de-\u2014-WordPress_1336737358340.jpeg\" alt=\"\" width=\"235\" height=\"119\" \/><\/a><\/p>\n<p>Bayerns Wirtschaftsminister Pschierer zur anhaltend gute Arbeitsmarktlage: &amp;bdquo;Die Lage auf dem bayerischen Arbeitsmarkt ist weiterhin ausgezeichnet. Noch nie war die Besch\u00e4ftigung in Bayern h\u00f6her als jetzt. Dabei sind eine niedrige Arbeitslosigkeit und ein hoher Besch\u00e4ftigungsgrad die wichtigsten Voraussetzungen f\u00fcr gute Lebensverh\u00e4ltnisse in Bayern.&amp;ldquo;<\/p>\n<p>Damit das auch in Zukunft so bleibt, ist es aus Sicht des Wirtschaftsministers wichtig, die Lohnzusatzkosten im Blick zu behalten. &amp;bdquo;Die von Seiten der SPD angeheizte Debatte um eine gesetzliche Rentengarantie bis ins Jahr 2040 ist auch aus arbeitsmarktpolitischer Sicht unverantwortlich und kurzsichtig. Die enormen Kosten m\u00fcssten von den Arbeitnehmern und Unternehmen getragen werden und w\u00fcrden den Faktor Arbeit massiv belasten. Wer teure Rentenversprechen abgibt, darf nicht verschweigen, dass er damit mittelfristig das deutsche Besch\u00e4ftigungswunder aufs Spiel setzt und der Wettbewerbsf\u00e4higkeit unseres Wirtschaftsstandorts schadet.&amp;ldquo;<\/p>\n<p>In den bayerischen Regierungsbezirken lagen die Arbeitslosenquoten zwischen 2,6 Prozent in der Oberpfalz und 3,6 Prozent in Mittelfranken und somit \u00fcberall weit unter dem Bundesdurchschnitt von 5,2 Prozent.<\/p>\n","protected":false},"excerpt":{"rendered":"<p>M\u00fcnchen: Pschierer: &#8222;Bayerns Arbeitsmarkt weiter in sehr guter Verfassung&#8220; Der bayerische Arbeitsmarkt zeigt sich weiterhin in sehr guter Verfassung. Die Arbeitslosenquote in Bayern lag im August 2018 bei durchschnittlich 2,9 Prozent und damit saisonbedingt um 0,2 Prozentpunkte leicht \u00fcber dem Niveau des Vormonats. Gegen\u00fcber dem Vorjahresmonat ist die Arbeitslosenquote um 0,3 Prozentpunkte gefallen. Bayerns Wirtschaftsminister [&hellip;]<\/p>\n","protected":false},"author":7,"featured_media":1457,"comment_status":"closed","ping_status":"open","sticky":false,"template":"","format":"standard","meta":{"footnotes":""},"categories":[78,71],"tags":[2615],"class_list":["post-11895","post","type-post","status-publish","format-standard","has-post-thumbnail","hentry","category-bayern","category-menue","tag-bayrischer-arbeitsmarkt"],"_links":{"self":[{"href":"https:\/\/www.frankensicht.de\/index.php?rest_route=\/wp\/v2\/posts\/11895","targetHints":{"allow":["GET"]}}],"collection":[{"href":"https:\/\/www.frankensicht.de\/index.php?rest_route=\/wp\/v2\/posts"}],"about":[{"href":"https:\/\/www.frankensicht.de\/index.php?rest_route=\/wp\/v2\/types\/post"}],"author":[{"embeddable":true,"href":"https:\/\/www.frankensicht.de\/index.php?rest_route=\/wp\/v2\/users\/7"}],"replies":[{"embeddable":true,"href":"https:\/\/www.frankensicht.de\/index.php?rest_route=%2Fwp%2Fv2%2Fcomments&post=11895"}],"version-history":[{"count":1,"href":"https:\/\/www.frankensicht.de\/index.php?rest_route=\/wp\/v2\/posts\/11895\/revisions"}],"predecessor-version":[{"id":11896,"href":"https:\/\/www.frankensicht.de\/index.php?rest_route=\/wp\/v2\/posts\/11895\/revisions\/11896"}],"wp:featuredmedia":[{"embeddable":true,"href":"https:\/\/www.frankensicht.de\/index.php?rest_route=\/wp\/v2\/media\/1457"}],"wp:attachment":[{"href":"https:\/\/www.frankensicht.de\/index.php?rest_route=%2Fwp%2Fv2%2Fmedia&parent=11895"}],"wp:term":[{"taxonomy":"category","embeddable":true,"href":"https:\/\/www.frankensicht.de\/index.php?rest_route=%2Fwp%2Fv2%2Fcategories&post=11895"},{"taxonomy":"post_tag","embeddable":true,"href":"https:\/\/www.frankensicht.de\/index.php?rest_route=%2Fwp%2Fv2%2Ftags&post=11895"}],"curies":[{"name":"wp","href":"https:\/\/api.w.org\/{rel}","templated":true}]}}