{"id":11890,"date":"2018-08-30T08:07:31","date_gmt":"2018-08-30T06:07:31","guid":{"rendered":"http:\/\/www.frankensicht.de\/?p=11890"},"modified":"2018-08-30T08:07:31","modified_gmt":"2018-08-30T06:07:31","slug":"einweihung-der-neuen-grosstagespflege-im-amtsgericht-muenchen","status":"publish","type":"post","link":"https:\/\/www.frankensicht.de\/?p=11890","title":{"rendered":"Einweihung der neuen Gro\u00dftagespflege im Amtsgericht M\u00fcnchen"},"content":{"rendered":"<p><span style=\"color: #ff0000;\">M\u00fcnchen:<\/span><\/p>\n<p>Einweihung der neuen Gro\u00dftagespflege im Amtsgericht M\u00fcnchen \/ Bayerns Justizminister Bausback: &#8222;600.000 Euro f\u00fcr unsere &#8222;Justizzwergerl&#8220; starkes Signal f\u00fcr die Vereinbarkeit von Familie und Beruf in der bayerischen Justiz&#8220;<\/p>\n<p><a href=\"https:\/\/www.frankensicht.de\/?attachment_id=3276\" rel=\"attachment wp-att-3276\"><img loading=\"lazy\" decoding=\"async\" class=\"alignnone size-medium wp-image-3276\" src=\"https:\/\/www.frankensicht.de\/wp-content\/uploads\/2012\/07\/knast-300x225.png\" alt=\"\" width=\"300\" height=\"225\" srcset=\"https:\/\/www.frankensicht.de\/wp-content\/uploads\/2012\/07\/knast-300x225.png 300w, https:\/\/www.frankensicht.de\/wp-content\/uploads\/2012\/07\/knast.png 840w\" sizes=\"auto, (max-width: 300px) 100vw, 300px\" \/><\/a><\/p>\n<p>Im Amtsgericht M\u00fcnchen ist ab September das Toben erlaubt &amp;ndash; zumindest f\u00fcr die &#8222;Justizzwergerl&#8220; der neuen Gro\u00dftagespflege. Bayerns Justizminister Prof. Dr. Winfried Bausback weiht heute zusammen mit dem Pr\u00e4sidenten des Oberlandesgerichts M\u00fcnchen, Herrn Peter K\u00fcspert, und der Pr\u00e4sidentin des Amtsgerichts M\u00fcnchen, Frau Beate Ehrt, die neue Kindergro\u00dftagespflege der bayerischen Justiz ein. Bausback in seiner Rede: &#8222;F\u00fcr mich ist ganz klar: Familie und Beruf m\u00fcssen heutzutage Hand in Hand gehen. Rund 600.000 Euro f\u00fcr unsere &#8222;Justizzwergerl&#8220; sind ein starkes Signal f\u00fcr die Vereinbarkeit von Familie und Beruf in der bayerischen Justiz! Damit setzen wir unseren familienfreundlichen Kurs fort. K\u00fcnftig wird in den R\u00e4umlichkeiten des Amtsgerichts nicht nur Recht gesprochen, sondern werden auch unsere Justizkinder betreut.&#8220; Oberlandesgerichtspr\u00e4sident K\u00fcspert ist \u00fcberzeugt, dass Kinder und Eltern sich auf eine gute und professionelle Betreuung verlassen k\u00f6nnen: &amp;bdquo;Als Familienvater wei\u00df ich selbst, wie unsch\u00e4tzbar die Sicherheit ist, dass die eigenen Kinder gut versorgt und beh\u00fctet sind, w\u00e4hrend man arbeitet.&amp;ldquo;<\/p>\n<p>In der Gro\u00dftagespflege im Geb\u00e4ude des Amtsgerichts M\u00fcnchen in der Infanteriestra\u00dfe 5 k\u00fcmmern sich zuk\u00fcnftig zwei Betreuerinnen bzw. Betreuer um bis zu zehn Kinder im Alter von drei Monaten bis drei Jahren. Den &#8222;Zwergerln&#8220; werden auf einer Fl\u00e4che von rund 140 m\u00b2 ein Gruppenraum, ein Ruheraum, ein Sanit\u00e4rraum und eine kleine K\u00fcche zur Verf\u00fcgung stehen. Zudem k\u00f6nnen sich die Kinder bald schon im Au\u00dfenbereich auf dem Spielplatz samt Spielger\u00e4t und Sandspielfl\u00e4che austoben. &#8222;Uns war wichtig, dass die Kinder in einer kleinen, \u00fcberschaubaren Gruppe betreut werden und feste Bezugspersonen haben. So erhalten sie eine optimale p\u00e4dagogische Betreuung und F\u00f6rderung&#8220;, f\u00fchrt Bayerns Justizminister aus.<\/p>\n<p>Abschlie\u00dfend dankt Bausback allen Verantwortlichen, die zur Verwirklichung der Gro\u00dftagespflege beigetragen haben: &#8222;An einem solchen Projekt sind viele K\u00f6pfe und H\u00e4nde beteiligt jedem Einzelnen geb\u00fchrt mein herzlicher Dank! Nun w\u00fcnsche ich den Eltern, den Betreuern und allen Kindern, die hier die Welt erkunden werden, einen guten Start, eine stressfreie Eingew\u00f6hnungsphase und eine sch\u00f6ne Zeit bei den &#8222;Justizzwergerln&#8220;!&#8220;<\/p>\n<p>Quelle:stmj.bayern.de<\/p>\n","protected":false},"excerpt":{"rendered":"<p>M\u00fcnchen: Einweihung der neuen Gro\u00dftagespflege im Amtsgericht M\u00fcnchen \/ Bayerns Justizminister Bausback: &#8222;600.000 Euro f\u00fcr unsere &#8222;Justizzwergerl&#8220; starkes Signal f\u00fcr die Vereinbarkeit von Familie und Beruf in der bayerischen Justiz&#8220; Im Amtsgericht M\u00fcnchen ist ab September das Toben erlaubt &amp;ndash; zumindest f\u00fcr die &#8222;Justizzwergerl&#8220; der neuen Gro\u00dftagespflege. Bayerns Justizminister Prof. Dr. Winfried Bausback weiht heute [&hellip;]<\/p>\n","protected":false},"author":7,"featured_media":3276,"comment_status":"closed","ping_status":"open","sticky":false,"template":"","format":"standard","meta":{"footnotes":""},"categories":[78,71],"tags":[2613],"class_list":["post-11890","post","type-post","status-publish","format-standard","has-post-thumbnail","hentry","category-bayern","category-menue","tag-ganztagespflege"],"_links":{"self":[{"href":"https:\/\/www.frankensicht.de\/index.php?rest_route=\/wp\/v2\/posts\/11890","targetHints":{"allow":["GET"]}}],"collection":[{"href":"https:\/\/www.frankensicht.de\/index.php?rest_route=\/wp\/v2\/posts"}],"about":[{"href":"https:\/\/www.frankensicht.de\/index.php?rest_route=\/wp\/v2\/types\/post"}],"author":[{"embeddable":true,"href":"https:\/\/www.frankensicht.de\/index.php?rest_route=\/wp\/v2\/users\/7"}],"replies":[{"embeddable":true,"href":"https:\/\/www.frankensicht.de\/index.php?rest_route=%2Fwp%2Fv2%2Fcomments&post=11890"}],"version-history":[{"count":1,"href":"https:\/\/www.frankensicht.de\/index.php?rest_route=\/wp\/v2\/posts\/11890\/revisions"}],"predecessor-version":[{"id":11891,"href":"https:\/\/www.frankensicht.de\/index.php?rest_route=\/wp\/v2\/posts\/11890\/revisions\/11891"}],"wp:featuredmedia":[{"embeddable":true,"href":"https:\/\/www.frankensicht.de\/index.php?rest_route=\/wp\/v2\/media\/3276"}],"wp:attachment":[{"href":"https:\/\/www.frankensicht.de\/index.php?rest_route=%2Fwp%2Fv2%2Fmedia&parent=11890"}],"wp:term":[{"taxonomy":"category","embeddable":true,"href":"https:\/\/www.frankensicht.de\/index.php?rest_route=%2Fwp%2Fv2%2Fcategories&post=11890"},{"taxonomy":"post_tag","embeddable":true,"href":"https:\/\/www.frankensicht.de\/index.php?rest_route=%2Fwp%2Fv2%2Ftags&post=11890"}],"curies":[{"name":"wp","href":"https:\/\/api.w.org\/{rel}","templated":true}]}}