{"id":11886,"date":"2018-08-29T07:47:26","date_gmt":"2018-08-29T05:47:26","guid":{"rendered":"http:\/\/www.frankensicht.de\/?p=11886"},"modified":"2018-08-29T07:48:08","modified_gmt":"2018-08-29T05:48:08","slug":"kultusminister-bernd-sibler-zeichnet-stadt-und-landkreis-hof-in-oberfranken-mit-qualitaetssiegel-aus","status":"publish","type":"post","link":"https:\/\/www.frankensicht.de\/?p=11886","title":{"rendered":"Kultusminister Bernd Sibler zeichnet Stadt und Landkreis Hof in Oberfranken mit Qualit\u00e4tssiegel aus"},"content":{"rendered":"<p><span style=\"color: #ff0000;\">M\u00fcnchen &#8211; Hof:<\/span><\/p>\n<p>Kultusminister Bernd Sibler zeichnet Stadt und Landkreis Hof in Oberfranken mit Qualit\u00e4tssiegel aus<\/p>\n<p>&#8222;Die Menschen in Hof haben mit viel M\u00fche und Einsatzbereitschaft aus Ideen \u00fcberzeugende Bildungsprojekte werden lassen&#8220;<\/p>\n<p>&#8222;Die Stadt und der Landkreis Hof gehen in Bildungsfragen Hand in Hand zum Wohle unserer Kinder und Jugendlichen!&#8220;, betonte Kultusminister Bernd Sibler heute bei der Auszeichnung der Stadt und des Landkreises Hof als Bildungsregion in Bayern und \u00fcberreichte dem Oberb\u00fcrgermeister Dr. Harald Fichtner und dem Landrat Dr. Oliver B\u00e4r das Qualit\u00e4tssiegel. &#8222;Gemeinsam haben Sie hier in Hof mit viel M\u00fche und gro\u00dfer Einsatzbereitschaft aus Ideen \u00fcberzeugende Projekte werden lassen, um junge Menschen von klein an auf ihrem Bildungsweg zu begleiten und zu unterst\u00fctzen. Beeindruckend ist dabei die Themenvielfalt, der sich die Bildungsregion widmet&#8220;, hob Minister Sibler hervor. Dabei verwies er auf Schwimmlernkurse von und mit jungen Migrantinnen und Migranten sowie auf Orientierungshilfen f\u00fcr Jugendliche im MINT-Bereich, bei denen Sch\u00fclerinnen und Sch\u00fcler die M\u00f6glichkeit haben, bei Firmen der Region verschiedene technisch-naturwissenschaftliche Berufsfelder in der Praxis<br \/>\nkennenzulernen. Ziel sei es, junge Menschen so bei einer sp\u00e4teren Berufswahl f\u00fcr die vielf\u00e4ltigen M\u00f6glichkeiten hochqualifizierter Arbeitspl\u00e4tze in der Region zu sensibilisieren.<\/p>\n<p><a href=\"https:\/\/www.frankensicht.de\/?attachment_id=189\" rel=\"attachment wp-att-189\"><img loading=\"lazy\" decoding=\"async\" class=\"alignnone size-full wp-image-189\" src=\"https:\/\/www.frankensicht.de\/wp-content\/uploads\/wappen.png\" alt=\"\" width=\"220\" height=\"254\" \/><\/a><\/p>\n<p>M\u00f6glichkeiten der digitalen Bildung<\/p>\n<p>Auch die digitale Medienbildung werde an den Schulen in Hof vorangebracht: &#8222;Die Digitalisierung ist eines unserer gro\u00dfen Zukunftsthemen. Junge Menschen f\u00fcr einen kompetenten Umgang mit modernen Informations- und Kommunikationstechnologien fit zu machen ist eine wichtige Aufgabe. In der Bildungsregion Hof hat man das erkannt&#8220;, so der Minister. Dies zeige sich unter anderem auch in den Planungen f\u00fcr eine gemeinsame Internetplattform.<\/p>\n<p>&#8222;Ich freue mich sehr, dass Stadt und Landkreis in Hof an einem Strang ziehen und die Effekte nutzen, die sich durch diese engagierte Zusammenarbeit ergeben&#8220;, hob Minister Sibler hervor.<\/p>\n<p>Gelebte Inklusion<\/p>\n<p>Ein weiteres besonderes Anliegen des umfassenden Bildungskonzeptes ist das Thema der Inklusion. Um hier eine m\u00f6glichst breite \u00d6ffentlichkeit zu erreichen, starteten die Verantwortlichen das Projekt &#8222;Cross-over Aktion Art, Brass &amp; Beat&#8220;. So nahmen Menschen mit Behinderung an der Gestaltung einer Kunstausstellung, einem Benefizkonzert, an medienp\u00e4dagogischen Projekten und einer gro\u00df angelegten Zeitungskampagne teil. H\u00f6hepunkt dieser Veranstaltungsreihe war ein Konzertabend, an dem nahezu 700 Sch\u00fclerinnen und Sch\u00fcler des Therapeutisch-P\u00e4dagogischen Zentrums Hof und des Schiller-Gymnasiums Hof beteiligt waren.<\/p>\n<p>Dr. Harald Fichtner, Oberb\u00fcrgermeister von Hof, dankte allen beteiligten Akteuren und betonte das &#8222;Streben aller Beteiligten, dass Kinder ihren Bildungsweg entsprechend ihrer M\u00f6glichkeiten gehen k\u00f6nnen und bei Bedarf die richtige Unterst\u00fctzung erhalten.&#8220; Auch der Hofer Landrat Dr. Oliver B\u00e4r verstand die Auszeichnung als &#8222;Best\u00e4tigung und Motivation zugleich&#8220;. So sei &#8222;dieses Siegel auch Ansporn f\u00fcr die Zukunft, die Bildungslandschaft unserer Region bestm\u00f6glich zu gestalten und dabei alle relevanten Akteure einzubeziehen.&#8220;<\/p>\n<p>Bayernweit beteiligen sich mittlerweile mehr als drei Viertel der 96 Landkreise und kreisfreien St\u00e4dte an der Initiative &#8222;Bildungsregionen in Bayern. Sie wurde 2012 im Einvernehmen mit dem Bayerischen Sozialministerium ins Leben gerufen, um die Bildungschancen junger Menschen vom Kindergarten bis zum Eintritt ins Berufsleben oder zum Studienbeginn vor Ort weiter zu erh\u00f6hen. Kern des Programms stellt die Vernetzung der Akteure in der Region dar, um Angebote zu optimieren, weiterzuentwickeln und zu erweitern. Mit Blick auf die Herausforderungen der Zukunft stehen Themen der Berufsorientierung, Digitalisierung, MINT-F\u00f6rderung und Integration im Fokus.<\/p>\n<p>&nbsp;<\/p>\n<p>Ein Foto der Veranstaltung steht am Mittwoch, dem 29. August, ab ca. 14.00 Uhr zum Download unter<\/p>\n<p>https:\/\/www.km.bayern.de\/ministerium\/minister-fuer-unterricht-und-kultus\/pressebilder-zum-download.html<\/p>\n<p>Quelle: stmuk.byern.de<\/p>\n","protected":false},"excerpt":{"rendered":"<p>M\u00fcnchen &#8211; Hof: Kultusminister Bernd Sibler zeichnet Stadt und Landkreis Hof in Oberfranken mit Qualit\u00e4tssiegel aus &#8222;Die Menschen in Hof haben mit viel M\u00fche und Einsatzbereitschaft aus Ideen \u00fcberzeugende Bildungsprojekte werden lassen&#8220; &#8222;Die Stadt und der Landkreis Hof gehen in Bildungsfragen Hand in Hand zum Wohle unserer Kinder und Jugendlichen!&#8220;, betonte Kultusminister Bernd Sibler heute [&hellip;]<\/p>\n","protected":false},"author":7,"featured_media":189,"comment_status":"closed","ping_status":"open","sticky":false,"template":"","format":"standard","meta":{"footnotes":""},"categories":[78,97,83],"tags":[2612],"class_list":["post-11886","post","type-post","status-publish","format-standard","has-post-thumbnail","hentry","category-bayern","category-hof","category-oberfranken","tag-qualitaetssiegel"],"_links":{"self":[{"href":"https:\/\/www.frankensicht.de\/index.php?rest_route=\/wp\/v2\/posts\/11886","targetHints":{"allow":["GET"]}}],"collection":[{"href":"https:\/\/www.frankensicht.de\/index.php?rest_route=\/wp\/v2\/posts"}],"about":[{"href":"https:\/\/www.frankensicht.de\/index.php?rest_route=\/wp\/v2\/types\/post"}],"author":[{"embeddable":true,"href":"https:\/\/www.frankensicht.de\/index.php?rest_route=\/wp\/v2\/users\/7"}],"replies":[{"embeddable":true,"href":"https:\/\/www.frankensicht.de\/index.php?rest_route=%2Fwp%2Fv2%2Fcomments&post=11886"}],"version-history":[{"count":3,"href":"https:\/\/www.frankensicht.de\/index.php?rest_route=\/wp\/v2\/posts\/11886\/revisions"}],"predecessor-version":[{"id":11889,"href":"https:\/\/www.frankensicht.de\/index.php?rest_route=\/wp\/v2\/posts\/11886\/revisions\/11889"}],"wp:featuredmedia":[{"embeddable":true,"href":"https:\/\/www.frankensicht.de\/index.php?rest_route=\/wp\/v2\/media\/189"}],"wp:attachment":[{"href":"https:\/\/www.frankensicht.de\/index.php?rest_route=%2Fwp%2Fv2%2Fmedia&parent=11886"}],"wp:term":[{"taxonomy":"category","embeddable":true,"href":"https:\/\/www.frankensicht.de\/index.php?rest_route=%2Fwp%2Fv2%2Fcategories&post=11886"},{"taxonomy":"post_tag","embeddable":true,"href":"https:\/\/www.frankensicht.de\/index.php?rest_route=%2Fwp%2Fv2%2Ftags&post=11886"}],"curies":[{"name":"wp","href":"https:\/\/api.w.org\/{rel}","templated":true}]}}