{"id":11880,"date":"2018-08-27T08:04:32","date_gmt":"2018-08-27T06:04:32","guid":{"rendered":"http:\/\/www.frankensicht.de\/?p=11880"},"modified":"2018-08-27T08:04:32","modified_gmt":"2018-08-27T06:04:32","slug":"huml-treibt-aufbau-des-elektronischen-polleninformationsnetzwerkes-weiter-voran","status":"publish","type":"post","link":"https:\/\/www.frankensicht.de\/?p=11880","title":{"rendered":"Huml treibt Aufbau des elektronischen Polleninformationsnetzwerkes weiter voran"},"content":{"rendered":"<p><span style=\"color: #ff0000;\">M\u00fcnchen:<\/span><\/p>\n<p>Huml treibt Aufbau des elektronischen Polleninformationsnetzwerkes weiter voran &#8211; Bayerns Gesundheitsministerin: F\u00fcnfte von acht Messstationen wird jetzt in Mindelheim aufgebaut &#8211; Regelbetrieb startet im Fr\u00fchjahr 2019<\/p>\n<p>Bayerns Gesundheitsministerin Melanie Huml treibt den Aufbau des elektronischen Polleninformationsnetzwerkes (ePIN) in Bayern weiter voran. Am 29. August wird im schw\u00e4bischen Mindelheim die f\u00fcnfte von insgesamt acht elektronischen Messstationen aufgebaut.<\/p>\n<p><a href=\"https:\/\/www.frankensicht.de\/?attachment_id=10839\" rel=\"attachment wp-att-10839\"><img loading=\"lazy\" decoding=\"async\" class=\"alignnone size-medium wp-image-10839\" src=\"https:\/\/www.frankensicht.de\/wp-content\/uploads\/2017\/07\/20150522_163620-300x225.jpg\" alt=\"\" width=\"300\" height=\"225\" srcset=\"https:\/\/www.frankensicht.de\/wp-content\/uploads\/2017\/07\/20150522_163620-300x225.jpg 300w, https:\/\/www.frankensicht.de\/wp-content\/uploads\/2017\/07\/20150522_163620-768x576.jpg 768w, https:\/\/www.frankensicht.de\/wp-content\/uploads\/2017\/07\/20150522_163620-1024x768.jpg 1024w\" sizes=\"auto, (max-width: 300px) 100vw, 300px\" \/><\/a><\/p>\n<p>Huml betonte am Sonntag: &#8222;Allein in Bayern leben \u00fcber zwei Millionen Menschen mit einer Allergie, davon reagiert jeder Zweite allergisch auf Pollen. Allergien sind mittlerweile eine Volkskrankheit. Der Bayerischen Staatsregierung ist es ein wichtiges Anliegen, Allergiker und Asthmatiker k\u00fcnftig mit aktuelleren und genaueren Echtzeitdaten zum Pollenflug in Bayern zu versorgen. Deshalb bauen wir im Freistaat derzeit das weltweit erste elektronische Polleninformationsnetzwerk auf. Daf\u00fcr investiert das bayerische Gesundheitsministerium zwei Millionen Euro.&#8220;<\/p>\n<p>Die Ministerin erg\u00e4nzte: &#8222;Die erste elektronische Pollenmessstation im Rahmen von &#8218;ePIN&#8216; ging im April in Garmisch-Partenkirchen in Betrieb. Im Testbetrieb laufen bereits ebenfalls seit April 2018 die drei Pollenmonitore in Viechtach, Marktheidenfeld und Alt\u00f6tting sowie in K\u00fcrze auch in Mindelheim. Bis Jahresende werden auch die restlichen drei Anlagen in Feucht, Hof und M\u00fcnchen aufgebaut und in Betrieb gegangen sein. Ab der Pollensaison 2019 kann dann jeder B\u00fcrger die aktuelle Pollenbelastung standort- und pollenspezifisch online \u00fcber das Landesamt f\u00fcr Gesundheit und Lebensmittelsicherheit abrufen.&#8220;<\/p>\n<p>Das Projekt &#8222;ePIN&#8220; wird im Auftrag des bayerischen Gesundheitsministeriums durch das Bayerische Landesamt f\u00fcr Gesundheit und Lebensmittelsicherheit (LGL) aufgebaut. Huml erl\u00e4uterte: &#8222;Die Auswahl der acht &#8218;ePIN&#8216;-Standorte basiert auf einer umfangreichen mehrj\u00e4hrigen Machbarkeitsstudie des Zentrums f\u00fcr Allergie und Umwelt der Technischen Universit\u00e4t M\u00fcnchen und des Helmholtz Zentrums M\u00fcnchen in Zusammenarbeit mit internationalen Experten. Ziel war es, unter Ber\u00fccksichtigung verschiedener Klimaparameter und der Bev\u00f6lkerungsdichte in Bayern die optimale Verteilung der acht elektronischen Messstationen zu bestimmen und somit den Pollenflug in Bayern m\u00f6glichst repr\u00e4sentativ abzudecken.&#8220;<\/p>\n<p>Das Projekt &#8222;ePIN&#8220; ist Teil der bayerischen Klimaanpassungsstrategie und wurde am 13. September 2016 vom Bayerischen Ministerrat beschlossen. Es wird unter Leitung des LGL durchgef\u00fchrt. Berater und Projektpartner sind das Zentrum f\u00fcr Allergie und Umwelt (ZAUM) der Technischen Universit\u00e4t M\u00fcnchen und das Helmholtz Zentrum M\u00fcnchen, das Leibniz Rechenzentrum (LRZ) sowie weitere nationale und internationale Forschungseinrichtungen.<\/p>\n<p>Weitere Informationen finden sich im Internet unter:<\/p>\n<p>https:\/\/www.lgl.bayern.de\/gesundheit\/arbeitsplatz_umwelt\/biologische_umweltfaktoren\/bioaerosole\/epin.htm.<\/p>\n<p>Quelle:stmgp.bayern.de<\/p>\n","protected":false},"excerpt":{"rendered":"<p>M\u00fcnchen: Huml treibt Aufbau des elektronischen Polleninformationsnetzwerkes weiter voran &#8211; Bayerns Gesundheitsministerin: F\u00fcnfte von acht Messstationen wird jetzt in Mindelheim aufgebaut &#8211; Regelbetrieb startet im Fr\u00fchjahr 2019 Bayerns Gesundheitsministerin Melanie Huml treibt den Aufbau des elektronischen Polleninformationsnetzwerkes (ePIN) in Bayern weiter voran. Am 29. August wird im schw\u00e4bischen Mindelheim die f\u00fcnfte von insgesamt acht elektronischen [&hellip;]<\/p>\n","protected":false},"author":7,"featured_media":10839,"comment_status":"closed","ping_status":"open","sticky":false,"template":"","format":"standard","meta":{"footnotes":""},"categories":[78,71],"tags":[2610],"class_list":["post-11880","post","type-post","status-publish","format-standard","has-post-thumbnail","hentry","category-bayern","category-menue","tag-polleninformationsnetzwerk"],"_links":{"self":[{"href":"https:\/\/www.frankensicht.de\/index.php?rest_route=\/wp\/v2\/posts\/11880","targetHints":{"allow":["GET"]}}],"collection":[{"href":"https:\/\/www.frankensicht.de\/index.php?rest_route=\/wp\/v2\/posts"}],"about":[{"href":"https:\/\/www.frankensicht.de\/index.php?rest_route=\/wp\/v2\/types\/post"}],"author":[{"embeddable":true,"href":"https:\/\/www.frankensicht.de\/index.php?rest_route=\/wp\/v2\/users\/7"}],"replies":[{"embeddable":true,"href":"https:\/\/www.frankensicht.de\/index.php?rest_route=%2Fwp%2Fv2%2Fcomments&post=11880"}],"version-history":[{"count":2,"href":"https:\/\/www.frankensicht.de\/index.php?rest_route=\/wp\/v2\/posts\/11880\/revisions"}],"predecessor-version":[{"id":11882,"href":"https:\/\/www.frankensicht.de\/index.php?rest_route=\/wp\/v2\/posts\/11880\/revisions\/11882"}],"wp:featuredmedia":[{"embeddable":true,"href":"https:\/\/www.frankensicht.de\/index.php?rest_route=\/wp\/v2\/media\/10839"}],"wp:attachment":[{"href":"https:\/\/www.frankensicht.de\/index.php?rest_route=%2Fwp%2Fv2%2Fmedia&parent=11880"}],"wp:term":[{"taxonomy":"category","embeddable":true,"href":"https:\/\/www.frankensicht.de\/index.php?rest_route=%2Fwp%2Fv2%2Fcategories&post=11880"},{"taxonomy":"post_tag","embeddable":true,"href":"https:\/\/www.frankensicht.de\/index.php?rest_route=%2Fwp%2Fv2%2Ftags&post=11880"}],"curies":[{"name":"wp","href":"https:\/\/api.w.org\/{rel}","templated":true}]}}