{"id":11872,"date":"2018-08-24T08:08:56","date_gmt":"2018-08-24T06:08:56","guid":{"rendered":"http:\/\/www.frankensicht.de\/?p=11872"},"modified":"2018-08-24T08:08:56","modified_gmt":"2018-08-24T06:08:56","slug":"wissenschaftlicher-beirat-beim-bmwi-veroeffentlicht-gutachten-soziale-wohnungspolitik","status":"publish","type":"post","link":"https:\/\/www.frankensicht.de\/?p=11872","title":{"rendered":"Wissenschaftlicher Beirat beim BMWi ver\u00f6ffentlicht Gutachten \u201eSoziale Wohnungspolitik\u201c"},"content":{"rendered":"<p><span style=\"color: #ff0000;\">Berlin:<\/span><\/p>\n<p>Wissenschaftlicher Beirat beim BMWi ver\u00f6ffentlicht Gutachten \u201eSoziale Wohnungspolitik\u201c<\/p>\n<p>Der Wissenschaftliche Beirat beim Bundesministerium f\u00fcr Wirtschaft und Energie (BMWi) hat heute das<br \/>\nGutachten \u201eSoziale Wohnungspolitik\u201c ver\u00f6ffentlicht.<\/p>\n<p><a href=\"https:\/\/www.frankensicht.de\/?attachment_id=4190\" rel=\"attachment wp-att-4190\"><img loading=\"lazy\" decoding=\"async\" class=\"alignnone size-medium wp-image-4190\" src=\"https:\/\/www.frankensicht.de\/wp-content\/uploads\/2012\/09\/DSC00025-300x225.jpg\" alt=\"\" width=\"300\" height=\"225\" srcset=\"https:\/\/www.frankensicht.de\/wp-content\/uploads\/2012\/09\/DSC00025-300x225.jpg 300w, https:\/\/www.frankensicht.de\/wp-content\/uploads\/2012\/09\/DSC00025.jpg 640w\" sizes=\"auto, (max-width: 300px) 100vw, 300px\" \/><\/a><br \/>\nAnlass des Gutachtens sind die aktuelle Diskussion \u00fcber bezahlbaren Wohnraum und der Anstieg des<br \/>\nMietniveaus in Ballungsr\u00e4umen und Universit\u00e4tsst\u00e4dten. Vor diesem Hintergrund geht das Gutachten<br \/>\nder Frage nach, wie eine effiziente Versorgung mit angemessenem Wohnraum erreicht und soziale<br \/>\nH\u00e4rten am Wohnungsmarkt abgefedert werden k\u00f6nnen.<br \/>\nDer Bundesminister f\u00fcr Wirtschaft und Energie, Peter Altmaier, dankt dem Beirat f\u00fcr sein Gutachten:<br \/>\n\u201eBezahlbarer Wohnraum geh\u00f6rt ebenso wie Vollbesch\u00e4ftigung und die Teilhabe aller am Wohlstand zu<br \/>\nunseren wichtigsten politischen Zielen. Aktuell diskutieren wir intensiv, wie die Mietpreisbremse<br \/>\ndurch gesetzliche Vorgaben zur Miettransparenz verbessert werden kann.\u201c<br \/>\nDer Wissenschaftliche Beirat ber\u00e4t das Bundeswirtschaftsministerium unabh\u00e4ngig und selbstst\u00e4ndig in<br \/>\nForm von Gutachten in Fragen der Wirtschaftspolitik und bestimmt den Gegenstand seiner Beratungen<br \/>\nselbst.<\/p>\n<p>https:\/\/www.bmwi.de\/Redaktion\/DE\/Pressemitteilungen\/2018\/20180823-wissenschaftlicher-beirat-veroeffentlicht-gutachten-soziale-wohnungspolitik.html<\/p>\n<p>Quelle:bmwi.bund.de<\/p>\n","protected":false},"excerpt":{"rendered":"<p>Berlin: Wissenschaftlicher Beirat beim BMWi ver\u00f6ffentlicht Gutachten \u201eSoziale Wohnungspolitik\u201c Der Wissenschaftliche Beirat beim Bundesministerium f\u00fcr Wirtschaft und Energie (BMWi) hat heute das Gutachten \u201eSoziale Wohnungspolitik\u201c ver\u00f6ffentlicht. Anlass des Gutachtens sind die aktuelle Diskussion \u00fcber bezahlbaren Wohnraum und der Anstieg des Mietniveaus in Ballungsr\u00e4umen und Universit\u00e4tsst\u00e4dten. Vor diesem Hintergrund geht das Gutachten der Frage nach, wie [&hellip;]<\/p>\n","protected":false},"author":7,"featured_media":4190,"comment_status":"closed","ping_status":"open","sticky":false,"template":"","format":"standard","meta":{"footnotes":""},"categories":[44,3],"tags":[2607],"class_list":["post-11872","post","type-post","status-publish","format-standard","has-post-thumbnail","hentry","category-deutschland-2","category-news","tag-wohnungspolitik"],"_links":{"self":[{"href":"https:\/\/www.frankensicht.de\/index.php?rest_route=\/wp\/v2\/posts\/11872","targetHints":{"allow":["GET"]}}],"collection":[{"href":"https:\/\/www.frankensicht.de\/index.php?rest_route=\/wp\/v2\/posts"}],"about":[{"href":"https:\/\/www.frankensicht.de\/index.php?rest_route=\/wp\/v2\/types\/post"}],"author":[{"embeddable":true,"href":"https:\/\/www.frankensicht.de\/index.php?rest_route=\/wp\/v2\/users\/7"}],"replies":[{"embeddable":true,"href":"https:\/\/www.frankensicht.de\/index.php?rest_route=%2Fwp%2Fv2%2Fcomments&post=11872"}],"version-history":[{"count":1,"href":"https:\/\/www.frankensicht.de\/index.php?rest_route=\/wp\/v2\/posts\/11872\/revisions"}],"predecessor-version":[{"id":11873,"href":"https:\/\/www.frankensicht.de\/index.php?rest_route=\/wp\/v2\/posts\/11872\/revisions\/11873"}],"wp:featuredmedia":[{"embeddable":true,"href":"https:\/\/www.frankensicht.de\/index.php?rest_route=\/wp\/v2\/media\/4190"}],"wp:attachment":[{"href":"https:\/\/www.frankensicht.de\/index.php?rest_route=%2Fwp%2Fv2%2Fmedia&parent=11872"}],"wp:term":[{"taxonomy":"category","embeddable":true,"href":"https:\/\/www.frankensicht.de\/index.php?rest_route=%2Fwp%2Fv2%2Fcategories&post=11872"},{"taxonomy":"post_tag","embeddable":true,"href":"https:\/\/www.frankensicht.de\/index.php?rest_route=%2Fwp%2Fv2%2Ftags&post=11872"}],"curies":[{"name":"wp","href":"https:\/\/api.w.org\/{rel}","templated":true}]}}