{"id":11870,"date":"2018-08-23T08:25:29","date_gmt":"2018-08-23T06:25:29","guid":{"rendered":"http:\/\/www.frankensicht.de\/?p=11870"},"modified":"2018-08-23T08:25:29","modified_gmt":"2018-08-23T06:25:29","slug":"von-ferienseminaren-bis-zur-mathematik-olympiade-alle-abiturienten-legen-anspruchsvolle-pruefung-ab","status":"publish","type":"post","link":"https:\/\/www.frankensicht.de\/?p=11870","title":{"rendered":"Von Ferienseminaren bis zur Mathematik-Olympiade\u00a0&#8211; alle Abiturienten legen anspruchsvolle Pr\u00fcfung ab\u00a0"},"content":{"rendered":"<p><span style=\"color: #ff0000;\">M\u00fcnchen:<\/span><\/p>\n<p>&nbsp;<\/p>\n<p>&#8222;Wer sich als junger Mensch f\u00fcr mathematische Fragestellungen interessiert, ist in Bayern gut aufgehoben&#8220; &#8211; Kultusminister Bernd Sibler zur Mathematik-F\u00f6rderung an bayerischen Schulen<\/p>\n<p>Von Ferienseminaren bis zur Mathematik-Olympiade\u00a0&#8211; alle Abiturienten legen anspruchsvolle Pr\u00fcfung ab<\/p>\n<p>M\u00dcNCHEN. &#8222;Wer sich als junger Mensch f\u00fcr mathematische Fragestellungen interessiert, ist in Bayern gut aufgehoben! Denn die F\u00f6rderung von mathematisch-logischem Denken unserer Sch\u00fclerinnen und Sch\u00fcler ist uns im Freistaat ein besonderes Anliegen &#8211; im Unterricht selbst, aber auch dar\u00fcber hinaus!&#8220;, erkl\u00e4rt Bayerns Kultusminister Bernd Sibler mit Blick auf das erfolgreiche Abschneiden des bayerischen Nachwuchses bei Leistungsvergleichen und Wettbewerben.<\/p>\n<p>Erst k\u00fcrzlich hatte eine Untersuchung an der Humboldt-Universit\u00e4t zu Berlin gezeigt, dass an die mathematischen Kenntnisse und F\u00e4higkeiten bayerischer Abiturientinnen und Abiturienten h\u00f6here Anforderungen gestellt werden als anderswo. &#8222;Wir wollen unseren jungen Menschen das R\u00fcstzeug mitgeben, das sie f\u00fcr ihren weiteren Lebensweg brauchen. Unsere Abiturientinnen und Abiturienten k\u00f6nnen sich sicher sein, dass sie eine anspruchsvolle Allgemeinbildung und die Grundlagen f\u00fcr ein erfolgreiches Studium erhalten! Daher legen wir zum Beispiel auch Wert darauf, dass Mathematik im bayerischen Abitur f\u00fcr alle Sch\u00fclerinnen und Sch\u00fcler verpflichtend ist.&#8220;<\/p>\n<p><a href=\"https:\/\/www.frankensicht.de\/?attachment_id=2831\" rel=\"attachment wp-att-2831\"><img loading=\"lazy\" decoding=\"async\" class=\"alignnone size-medium wp-image-2831\" src=\"https:\/\/www.frankensicht.de\/wp-content\/uploads\/2012\/06\/schule-300x187.jpg\" alt=\"\" width=\"300\" height=\"187\" srcset=\"https:\/\/www.frankensicht.de\/wp-content\/uploads\/2012\/06\/schule-300x187.jpg 300w, https:\/\/www.frankensicht.de\/wp-content\/uploads\/2012\/06\/schule.jpg 640w\" sizes=\"auto, (max-width: 300px) 100vw, 300px\" \/><\/a><\/p>\n<p>Von Ferienseminaren bis zum Landeswettbewerb<\/p>\n<p>Zur F\u00f6rderung von besonderen Begabungen gibt es in Bayern ein vielf\u00e4ltiges und umfassendes Spektrum an Ma\u00dfnahmen, das von speziellem Wahlunterricht, Ferienseminaren, Programmen wie &#8222;Talent im Land Bayern&#8220; und Wettbewerben bis zu den acht Kompetenzzentren f\u00fcr Begabtenf\u00f6rderung reicht. Speziell im mathematischen Bereich werden mit dem traditionsreichen Landeswettbewerb Mathematik, mit mathematischen Ferienseminaren, den Seminaren f\u00fcr mathematisch begabte M\u00e4dchen und der Spitzenf\u00f6rderung Mathematik interessierte Sch\u00fclerinnen und Sch\u00fcler \u00fcber den Unterricht hinaus dazu ermuntert, sich mit mathematischen Fragestellungen auseinanderzusetzen. &#8222;Unsere bayerischen Talente erzielen bei nationalen und internationalen Wettbewerben wie dem Bundeswettbewerb Mathematik oder der Internationalen Mathematik-Olympiade immer wieder ausgezeichnete Erfolge &#8211; ein guter Beweis f\u00fcr die engagierte F\u00f6rderung an unseren Schulen&#8220;, so Minister Sibler. Erst im Sommer hatte der bayerische Nachwuchs<br \/>\nbeispielweise bei der 57. Mathematik-Olympiade \u00fcberzeugt und 2 mal Gold, 6 mal Silber, 4 mal Bronze und einen Sonderpreis f\u00fcr besondere L\u00f6sungen geholt.<\/p>\n<p>Quelle: stmuk.bayern.de<\/p>\n","protected":false},"excerpt":{"rendered":"<p>M\u00fcnchen: &nbsp; &#8222;Wer sich als junger Mensch f\u00fcr mathematische Fragestellungen interessiert, ist in Bayern gut aufgehoben&#8220; &#8211; Kultusminister Bernd Sibler zur Mathematik-F\u00f6rderung an bayerischen Schulen Von Ferienseminaren bis zur Mathematik-Olympiade\u00a0&#8211; alle Abiturienten legen anspruchsvolle Pr\u00fcfung ab M\u00dcNCHEN. &#8222;Wer sich als junger Mensch f\u00fcr mathematische Fragestellungen interessiert, ist in Bayern gut aufgehoben! Denn die F\u00f6rderung von [&hellip;]<\/p>\n","protected":false},"author":7,"featured_media":2831,"comment_status":"closed","ping_status":"open","sticky":false,"template":"","format":"standard","meta":{"footnotes":""},"categories":[78,71],"tags":[2606],"class_list":["post-11870","post","type-post","status-publish","format-standard","has-post-thumbnail","hentry","category-bayern","category-menue","tag-mathematik-olympiade-2018"],"_links":{"self":[{"href":"https:\/\/www.frankensicht.de\/index.php?rest_route=\/wp\/v2\/posts\/11870","targetHints":{"allow":["GET"]}}],"collection":[{"href":"https:\/\/www.frankensicht.de\/index.php?rest_route=\/wp\/v2\/posts"}],"about":[{"href":"https:\/\/www.frankensicht.de\/index.php?rest_route=\/wp\/v2\/types\/post"}],"author":[{"embeddable":true,"href":"https:\/\/www.frankensicht.de\/index.php?rest_route=\/wp\/v2\/users\/7"}],"replies":[{"embeddable":true,"href":"https:\/\/www.frankensicht.de\/index.php?rest_route=%2Fwp%2Fv2%2Fcomments&post=11870"}],"version-history":[{"count":1,"href":"https:\/\/www.frankensicht.de\/index.php?rest_route=\/wp\/v2\/posts\/11870\/revisions"}],"predecessor-version":[{"id":11871,"href":"https:\/\/www.frankensicht.de\/index.php?rest_route=\/wp\/v2\/posts\/11870\/revisions\/11871"}],"wp:featuredmedia":[{"embeddable":true,"href":"https:\/\/www.frankensicht.de\/index.php?rest_route=\/wp\/v2\/media\/2831"}],"wp:attachment":[{"href":"https:\/\/www.frankensicht.de\/index.php?rest_route=%2Fwp%2Fv2%2Fmedia&parent=11870"}],"wp:term":[{"taxonomy":"category","embeddable":true,"href":"https:\/\/www.frankensicht.de\/index.php?rest_route=%2Fwp%2Fv2%2Fcategories&post=11870"},{"taxonomy":"post_tag","embeddable":true,"href":"https:\/\/www.frankensicht.de\/index.php?rest_route=%2Fwp%2Fv2%2Ftags&post=11870"}],"curies":[{"name":"wp","href":"https:\/\/api.w.org\/{rel}","templated":true}]}}