{"id":11868,"date":"2018-08-22T08:22:14","date_gmt":"2018-08-22T06:22:14","guid":{"rendered":"http:\/\/www.frankensicht.de\/?p=11868"},"modified":"2018-08-22T08:22:14","modified_gmt":"2018-08-22T06:22:14","slug":"kompetenzzentrum-kultur-und-kreativwirtschaft-ist-eine-erfolgsgeschichte","status":"publish","type":"post","link":"https:\/\/www.frankensicht.de\/?p=11868","title":{"rendered":"Kompetenzzentrum Kultur- und Kreativwirtschaft ist eine Erfolgsgeschichte"},"content":{"rendered":"<p><span style=\"color: #ff0000;\">Berlin:<\/span><\/p>\n<p>Kompetenzzentrum Kultur- und Kreativwirtschaft ist eine Erfolgsgeschichte<\/p>\n<p>Das Kompetenzzentrum Kultur- und Kreativwirtschaft wurde 2010 erstmals etabliert. Das Bundesamt f\u00fcr<br \/>\nWirtschaft und Ausfuhrkontrolle hat nun die Ergebnisse der Evaluation des Kompetenzzentrums f\u00fcr die<br \/>\nF\u00f6rderperiode 2010 bis 2015 vorgelegt. Es zeigt, dass die Arbeit des Kompetenzzentrums erfolgreich<br \/>\nzur Professionalisierung der Unternehmen der Kultur- und Kreativwirtschaft und zur Sichtbarmachung<br \/>\nder Branche beigetragen hat.<\/p>\n<p><a href=\"https:\/\/www.frankensicht.de\/?attachment_id=8912\" rel=\"attachment wp-att-8912\"><img loading=\"lazy\" decoding=\"async\" class=\"alignnone size-medium wp-image-8912\" src=\"https:\/\/www.frankensicht.de\/wp-content\/uploads\/2015\/08\/P1000488-300x225.jpg\" alt=\"\" width=\"300\" height=\"225\" srcset=\"https:\/\/www.frankensicht.de\/wp-content\/uploads\/2015\/08\/P1000488-300x225.jpg 300w, https:\/\/www.frankensicht.de\/wp-content\/uploads\/2015\/08\/P1000488.jpg 640w\" sizes=\"auto, (max-width: 300px) 100vw, 300px\" \/><\/a><br \/>\nDer Bundesminister f\u00fcr Wirtschaft und Energie, Peter Altmaier: \u201eMit dem Kompetenzzentrum Kultur-<br \/>\nund Kreativwirtschaft f\u00f6rdern wir erfolgreich Unternehmen und Innovationen aus der<br \/>\nKreativwirtschaft in vielf\u00e4ltigen Bereichen. Ich freue mich, dass diese Arbeit, die auf EU-Ebene<br \/>\nals vorbildhaft gilt, nun auch durch die wissenschaftlich fundierte Evaluation als erfolgreicher<br \/>\nAnsatz in der Kreativwirtschaftspolitik anerkannt wird. Wir werden das Kompetenzzentrum weiter<br \/>\nst\u00e4rken und die Arbeit im Bereich der Schnittstellen von Kreativwirtschaft zu Industrie und<br \/>\nMittelstand und zu gesellschaftlichen Akteuren aller Art vorantreiben. Denn gerade dort entstehen<br \/>\nImpulse und Innovationen, die in neue Gesch\u00e4ftsmodelle und gesellschaftliche L\u00f6sungen m\u00fcnden<br \/>\nk\u00f6nnen.\u201c<br \/>\nAndreas Obersteller, Pr\u00e4sident des Bundesamtes f\u00fcr Wirtschaft und Ausfuhrkontrolle, betont: \u201eWir<br \/>\nfreuen uns, dass das BAFA mit seiner Evaluationskompetenz die Wirksamkeit der Politik des BMWi<br \/>\nunterst\u00fctzen kann. Die Evaluation stellt eine wichtige Erfolgs- und Qualit\u00e4tskontrolle dar, liefert<br \/>\nInformationen f\u00fcr die Anpassung und Weiterentwicklung von Politikma\u00dfnahmen und ist nicht zuletzt<br \/>\nauch als Legitimation gegen\u00fcber Politik und Gesellschaft erforderlich.\u201c<br \/>\nDas BAFA f\u00fchrt seit 2008 regelm\u00e4\u00dfig programmunabh\u00e4ngig wissenschaftlich fundierte Evaluationen von<br \/>\nF\u00f6rderprogrammen, Organisationsstrukturen oder von Aspekten rechtlicher Regelungen durch. Die<br \/>\nEvaluation wirtschaftspolitischer F\u00f6rderma\u00dfnahmen ist in Deutschland im Rahmen der<br \/>\nBundeshaushaltsordnung gesetzlich vorgeschrieben und hat in den letzten Jahren stark an Bedeutung<br \/>\nzugenommen.<br \/>\nGef\u00f6rdert wird das Kompetenzzentrum durch die Initiative Kultur- und Kreativwirtschaft der<br \/>\nBundesregierung, die gemeinsam von BMWi und BKM getragen wird. Es unterst\u00fctzt die Unternehmen und<br \/>\nAkteure der Kultur- und Kreativwirtschaft durch vielf\u00e4ltige Angebote, von Netzwerkveranstaltungen<br \/>\n\u00fcber Wissenstransfer und wissenschaftliche Analysen. Die Kultur- und Kreativwirtschaft in<br \/>\nDeutschland macht pro Jahr insgesamt \u00fcber 154 Mrd. Euro Umsatz und besch\u00e4ftigt mehr als eine<br \/>\nMillion Besch\u00e4ftigte.<br \/>\nDer Endbericht zur Evaluation ist hier zu finden.<\/p>\n<p>https:\/\/www.bmwi.de\/Redaktion\/DE\/Pressemitteilungen\/2018\/20180821-gem-pm-kompetenzzentrum-kultur-und-kreativwirtschaft-ist-eine-erfolgsgeschichte.html<\/p>\n<p>Quelle:bmwi.bund.de<\/p>\n","protected":false},"excerpt":{"rendered":"<p>Berlin: Kompetenzzentrum Kultur- und Kreativwirtschaft ist eine Erfolgsgeschichte Das Kompetenzzentrum Kultur- und Kreativwirtschaft wurde 2010 erstmals etabliert. Das Bundesamt f\u00fcr Wirtschaft und Ausfuhrkontrolle hat nun die Ergebnisse der Evaluation des Kompetenzzentrums f\u00fcr die F\u00f6rderperiode 2010 bis 2015 vorgelegt. Es zeigt, dass die Arbeit des Kompetenzzentrums erfolgreich zur Professionalisierung der Unternehmen der Kultur- und Kreativwirtschaft und [&hellip;]<\/p>\n","protected":false},"author":7,"featured_media":8912,"comment_status":"closed","ping_status":"open","sticky":false,"template":"","format":"standard","meta":{"footnotes":""},"categories":[44,3],"tags":[2605],"class_list":["post-11868","post","type-post","status-publish","format-standard","has-post-thumbnail","hentry","category-deutschland-2","category-news","tag-kreativwirtschaft"],"_links":{"self":[{"href":"https:\/\/www.frankensicht.de\/index.php?rest_route=\/wp\/v2\/posts\/11868","targetHints":{"allow":["GET"]}}],"collection":[{"href":"https:\/\/www.frankensicht.de\/index.php?rest_route=\/wp\/v2\/posts"}],"about":[{"href":"https:\/\/www.frankensicht.de\/index.php?rest_route=\/wp\/v2\/types\/post"}],"author":[{"embeddable":true,"href":"https:\/\/www.frankensicht.de\/index.php?rest_route=\/wp\/v2\/users\/7"}],"replies":[{"embeddable":true,"href":"https:\/\/www.frankensicht.de\/index.php?rest_route=%2Fwp%2Fv2%2Fcomments&post=11868"}],"version-history":[{"count":1,"href":"https:\/\/www.frankensicht.de\/index.php?rest_route=\/wp\/v2\/posts\/11868\/revisions"}],"predecessor-version":[{"id":11869,"href":"https:\/\/www.frankensicht.de\/index.php?rest_route=\/wp\/v2\/posts\/11868\/revisions\/11869"}],"wp:featuredmedia":[{"embeddable":true,"href":"https:\/\/www.frankensicht.de\/index.php?rest_route=\/wp\/v2\/media\/8912"}],"wp:attachment":[{"href":"https:\/\/www.frankensicht.de\/index.php?rest_route=%2Fwp%2Fv2%2Fmedia&parent=11868"}],"wp:term":[{"taxonomy":"category","embeddable":true,"href":"https:\/\/www.frankensicht.de\/index.php?rest_route=%2Fwp%2Fv2%2Fcategories&post=11868"},{"taxonomy":"post_tag","embeddable":true,"href":"https:\/\/www.frankensicht.de\/index.php?rest_route=%2Fwp%2Fv2%2Ftags&post=11868"}],"curies":[{"name":"wp","href":"https:\/\/api.w.org\/{rel}","templated":true}]}}