{"id":11864,"date":"2018-08-21T08:22:56","date_gmt":"2018-08-21T06:22:56","guid":{"rendered":"http:\/\/www.frankensicht.de\/?p=11864"},"modified":"2018-08-21T08:23:19","modified_gmt":"2018-08-21T06:23:19","slug":"elektromobilitaet","status":"publish","type":"post","link":"https:\/\/www.frankensicht.de\/?p=11864","title":{"rendered":"Elektromobilit\u00e4t"},"content":{"rendered":"<p><span style=\"color: #ff0000;\">M\u00fcnchen:<\/span><\/p>\n<p>Dritte F\u00f6rderrunde f\u00fcr Lades\u00e4uleninfrastruktur erfolgreich<\/p>\n<p>Pschierer: &#8222;Dritte F\u00f6rderrunde f\u00fcr Lades\u00e4ulen in Bayern \u00fcbertrifft alle Erwartungen&#8220;<\/p>\n<p>M\u00dcNCHEN Die dritte F\u00f6rderrunde f\u00fcr die Lades\u00e4uleninfrastruktur in Bayern \u00fcbertrifft alle Erwartungen. Bayerns Wirtschafts- und Energieminister Franz Josef Pschierer: Mit 238 F\u00f6rderantr\u00e4gen ist die dritte Runde unseres F\u00f6rderprogramms die bislang erfolgreichste. Es wurden mehr Antr\u00e4ge gestellt als in den beiden Runden zuvor zusammen. Damit werden voraussichtlich mehr als 630 zus\u00e4tzliche Lades\u00e4ulen mit rund 1.200 Ladenpunkten errichtet \u00a0bei einem F\u00f6rdervolumen von knapp 4 Millionen Euro und dadurch angesto\u00dfenen Gesamtinvestitionen von rund 10 Millionen Euro. Das ist ein wichtiger Beitrag f\u00fcr eine nachhaltige Mobilit\u00e4t in unseren Gro\u00dfst\u00e4dten und zur Verbesserung der Luftqualit\u00e4t. Zugleich erweist sich die bayerische F\u00f6rderung f\u00fcr Lades\u00e4ulen als ein wichtiges Instrument, um den fl\u00e4chendeckenden Ausbau der Ladeinfrastruktur in Bayern voranzubringen. Mit den Antr\u00e4gen aus der dritten F\u00f6rderrunde werden wir die Zahl gef\u00f6rderter Lades\u00e4ulen in Bayern auf insgesamt rund 1.100 mehr als verdoppeln k\u00f6nnen.<\/p>\n<p><a href=\"https:\/\/www.frankensicht.de\/?attachment_id=11865\" rel=\"attachment wp-att-11865\"><img loading=\"lazy\" decoding=\"async\" class=\"alignnone size-medium wp-image-11865\" src=\"https:\/\/www.frankensicht.de\/wp-content\/uploads\/2018\/08\/tesla-300x225.jpg\" alt=\"\" width=\"300\" height=\"225\" srcset=\"https:\/\/www.frankensicht.de\/wp-content\/uploads\/2018\/08\/tesla-300x225.jpg 300w, https:\/\/www.frankensicht.de\/wp-content\/uploads\/2018\/08\/tesla.jpg 640w\" sizes=\"auto, (max-width: 300px) 100vw, 300px\" \/><\/a><\/p>\n<p>Neben einem m\u00f6glichst fl\u00e4chendeckenden Netz an Ladeinfrastruktur sei jedoch auch die Auffindbarkeit von Ladepunkten wichtig: Mit dem Ladeatlas Bayern stellen wir ein Werkzeug bereit, das dem Nutzer den Weg zur n\u00e4chsten freien Lades\u00e4ule weist und das wir kontinuierlich weiterentwickeln. Der Ladeatlas Bayern verzeichnet inzwischen \u00fcber 2.300 \u00f6ffentlich zug\u00e4ngliche Ladestandorte in Bayern. Mit der dritten F\u00f6rderrunde kommen wir unserem Ziel von 7.000 \u00f6ffentlich zug\u00e4nglichen Lades\u00e4ulen in Bayern bis zum Jahr 2020 ein gro\u00dfes St\u00fcck n\u00e4her so Pschierer.<\/p>\n<p>Das F\u00f6rderprogramm Ladeinfrastruktur f\u00fcr Elektrofahrzeuge in Bayern&amp;ldquo; wird von der Kompetenzstelle Elektromobilit\u00e4t bei der Bayern Innovativ GmbH koordiniert und realisiert, die den Markthochlauf der Elektromobilit\u00e4t in Bayern unterst\u00fctzt (http:\/\/www.bayern-innovativ.de\/elektromobilitaet).<\/p>\n<p>Den Ladeatlas Elektromobilit\u00e4t Bayern&amp;ldquo; finden Sie hier: ladeatlas.elektromobilitaet-bayern.de.<\/p>\n<p>Detaillierte Informationen \u00fcber das F\u00f6rderprogramm Ladeinfrastruktur f\u00fcr Elektrofahrzeuge in Bayernfinden Sie unter www.elektromobilitaet-bayern.de\/foerderung.<\/p>\n<p>Quelle: stmwi.bayern.de<\/p>\n","protected":false},"excerpt":{"rendered":"<p>M\u00fcnchen: Dritte F\u00f6rderrunde f\u00fcr Lades\u00e4uleninfrastruktur erfolgreich Pschierer: &#8222;Dritte F\u00f6rderrunde f\u00fcr Lades\u00e4ulen in Bayern \u00fcbertrifft alle Erwartungen&#8220; M\u00dcNCHEN Die dritte F\u00f6rderrunde f\u00fcr die Lades\u00e4uleninfrastruktur in Bayern \u00fcbertrifft alle Erwartungen. Bayerns Wirtschafts- und Energieminister Franz Josef Pschierer: Mit 238 F\u00f6rderantr\u00e4gen ist die dritte Runde unseres F\u00f6rderprogramms die bislang erfolgreichste. Es wurden mehr Antr\u00e4ge gestellt als in den [&hellip;]<\/p>\n","protected":false},"author":7,"featured_media":11865,"comment_status":"closed","ping_status":"open","sticky":false,"template":"","format":"standard","meta":{"footnotes":""},"categories":[78,71],"tags":[2074],"class_list":["post-11864","post","type-post","status-publish","format-standard","has-post-thumbnail","hentry","category-bayern","category-menue","tag-elektromobilitaet"],"_links":{"self":[{"href":"https:\/\/www.frankensicht.de\/index.php?rest_route=\/wp\/v2\/posts\/11864","targetHints":{"allow":["GET"]}}],"collection":[{"href":"https:\/\/www.frankensicht.de\/index.php?rest_route=\/wp\/v2\/posts"}],"about":[{"href":"https:\/\/www.frankensicht.de\/index.php?rest_route=\/wp\/v2\/types\/post"}],"author":[{"embeddable":true,"href":"https:\/\/www.frankensicht.de\/index.php?rest_route=\/wp\/v2\/users\/7"}],"replies":[{"embeddable":true,"href":"https:\/\/www.frankensicht.de\/index.php?rest_route=%2Fwp%2Fv2%2Fcomments&post=11864"}],"version-history":[{"count":2,"href":"https:\/\/www.frankensicht.de\/index.php?rest_route=\/wp\/v2\/posts\/11864\/revisions"}],"predecessor-version":[{"id":11867,"href":"https:\/\/www.frankensicht.de\/index.php?rest_route=\/wp\/v2\/posts\/11864\/revisions\/11867"}],"wp:featuredmedia":[{"embeddable":true,"href":"https:\/\/www.frankensicht.de\/index.php?rest_route=\/wp\/v2\/media\/11865"}],"wp:attachment":[{"href":"https:\/\/www.frankensicht.de\/index.php?rest_route=%2Fwp%2Fv2%2Fmedia&parent=11864"}],"wp:term":[{"taxonomy":"category","embeddable":true,"href":"https:\/\/www.frankensicht.de\/index.php?rest_route=%2Fwp%2Fv2%2Fcategories&post=11864"},{"taxonomy":"post_tag","embeddable":true,"href":"https:\/\/www.frankensicht.de\/index.php?rest_route=%2Fwp%2Fv2%2Ftags&post=11864"}],"curies":[{"name":"wp","href":"https:\/\/api.w.org\/{rel}","templated":true}]}}