{"id":11862,"date":"2018-08-20T09:41:10","date_gmt":"2018-08-20T07:41:10","guid":{"rendered":"http:\/\/www.frankensicht.de\/?p=11862"},"modified":"2018-08-20T09:41:10","modified_gmt":"2018-08-20T07:41:10","slug":"monatsbericht-des-bmf-august-2018","status":"publish","type":"post","link":"https:\/\/www.frankensicht.de\/?p=11862","title":{"rendered":"Monatsbericht des BMF August 2018:"},"content":{"rendered":"<p><span style=\"color: #ff0000;\">Berlin:<\/span><\/p>\n<p>In der August-Ausgabe unseres Monatsberichts skizzieren wir f\u00fcr Sie eine Momentaufnahme der deutsch-franz\u00f6sischen Zusammenarbeit aus Sicht des BMF und Sie erhalten einen \u00dcberblick \u00fcber die Einnahmen und Ausgaben des Bundes im Sollbericht 2018. Dar\u00fcber hinaus erl\u00e4utern wir anhand der \u201eE-Bilanz\u201c ein gelungenes Beispiel der Digitalisierung, stellen das neue BMF-Schreiben zur Kassen-Nachschau vor und blicken zur\u00fcck auf die dritte Jahrestagung der Asiatischen Investitionsbank in Mumbai. Im Portrait: Unsere beiden Staatssekret\u00e4re Dr. Rolf B\u00f6singer und Werner Gatzer.<br \/>\nZum Monatsbericht: https:\/\/www.bundesfinanzministerium.de\/Monatsberichte\/2018\/08\/monatsbericht-08-2018.html?pk_campaign=Newsletter-08.2018&amp;pk_kwd=20.08.2018_Monatsbericht+August+2018<br \/>\n____________________________________________________________________________________________________<\/p>\n<p><a href=\"https:\/\/www.frankensicht.de\/?attachment_id=3802\" rel=\"attachment wp-att-3802\"><img loading=\"lazy\" decoding=\"async\" class=\"alignnone size-medium wp-image-3802\" src=\"https:\/\/www.frankensicht.de\/wp-content\/uploads\/2012\/08\/buch2-300x225.jpg\" alt=\"\" width=\"300\" height=\"225\" srcset=\"https:\/\/www.frankensicht.de\/wp-content\/uploads\/2012\/08\/buch2-300x225.jpg 300w, https:\/\/www.frankensicht.de\/wp-content\/uploads\/2012\/08\/buch2.jpg 640w\" sizes=\"auto, (max-width: 300px) 100vw, 300px\" \/><\/a><\/p>\n<p>Editorial: https:\/\/www.bundesfinanzministerium.de\/Monatsberichte\/2018\/08\/Kapitel\/kapitel-1-editorial.html<br \/>\nInhaltsverzeichnis: https:\/\/www.bundesfinanzministerium.de\/Monatsberichte\/2018\/08\/Kapitel\/kapitel-2-inhaltsverzeichnis.html<br \/>\nAnalysen und Berichte: https:\/\/www.bundesfinanzministerium.de\/Monatsberichte\/2018\/08\/Kapitel\/kapitel-3-analysen-berichte.html<br \/>\nSollbericht\u00a02018 &#8211; Ausgaben und Einnahmen des Bundeshaushalts: https:\/\/www.bundesfinanzministerium.de\/Monatsberichte\/2018\/08\/Inhalte\/Kapitel-3-Analysen\/3-1-Sollbericht-2018-Ausgaben-Einnahmen-Bundeshaushalt.html<\/p>\n<p>Das Verm\u00f6gen der \u201eReichsfeinde\u201c \u2013 Staatliche Finanzverwaltung und Gegnerverfolgung im nationalsozialistischen Deutschland: https:\/\/www.bundesfinanzministerium.de\/Monatsberichte\/2018\/08\/Inhalte\/Kapitel-3-Analysen\/3-2-Vermoegen-der-Reichsfeinde.html<\/p>\n<p>Momentaufnahmen der deutsch-franz\u00f6sischen Zusammenarbeit: https:\/\/www.bundesfinanzministerium.de\/Monatsberichte\/2018\/08\/Inhalte\/Kapitel-3-Analysen\/3-3-Momentaufnahmen-deutsch-franzoesischen-Zusammenarbeit.html<\/p>\n<p>Das Projekt E-Bilanz &#8211; ein wichtiger Baustein der Digitalisierung des Besteuerungsverfahrens: https:\/\/www.bundesfinanzministerium.de\/Monatsberichte\/2018\/08\/Inhalte\/Kapitel-3-Analysen\/3-4-Das-Projekt-E-Bilanz.html<\/p>\n<p>Neues BMF-Schreiben zur Kassen-Nachschau: https:\/\/www.bundesfinanzministerium.de\/Monatsberichte\/2018\/08\/Inhalte\/Kapitel-3-Analysen\/3-5-Neues-BMF-Schreiben-zur-Kassen-Nachschau.html<\/p>\n<p>Dritte Jahrestagung der Asiatischen Infrastruktur-Investitionsbank in Mumbai: https:\/\/www.bundesfinanzministerium.de\/Monatsberichte\/2018\/08\/Inhalte\/Kapitel-3-Analysen\/3-6-Dritte-Jahrestagung-AIIB-Mumbai.html<\/p>\n<p>Aktuelle Wirtschafts- und Finanzlage: https:\/\/www.bundesfinanzministerium.de\/Monatsberichte\/2018\/08\/Kapitel\/kapitel-4-wirtschafts-und-finanzlage.html<br \/>\n\u00dcberblick zur aktuellen Lage: https:\/\/www.bundesfinanzministerium.de\/Monatsberichte\/2018\/08\/Inhalte\/Kapitel-4-Wirtschafts-und-Finanzlage\/ueberblick.html<\/p>\n<p>Konjunkturentwicklung aus finanzpolitischer Sicht: https:\/\/www.bundesfinanzministerium.de\/Monatsberichte\/2018\/08\/Inhalte\/Kapitel-4-Wirtschafts-und-Finanzlage\/4-1-konjunkturentwicklung-aus-finanzpolitischer-sicht.html<\/p>\n<p>Steuereinnahmen im Juli 2018: https:\/\/www.bundesfinanzministerium.de\/Monatsberichte\/2018\/08\/Inhalte\/Kapitel-4-Wirtschafts-und-Finanzlage\/4-2-steuereinnahmen-juli-2018.html<\/p>\n<p>Entwicklung des Bundeshaushalts bis einschlie\u00dflich Juli 2018: https:\/\/www.bundesfinanzministerium.de\/Monatsberichte\/2018\/08\/Inhalte\/Kapitel-4-Wirtschafts-und-Finanzlage\/4-3-entwicklung-des-bundeshaushalts.html<\/p>\n<p>Entwicklung der L\u00e4nderhaushalte bis einschlie\u00dflich Juni 2018: https:\/\/www.bundesfinanzministerium.de\/Monatsberichte\/2018\/08\/Inhalte\/Kapitel-4-Wirtschafts-und-Finanzlage\/4-4-entwicklung-der-laenderhaushalte.html<\/p>\n<p>Finanzm\u00e4rkte und Kreditaufnahme des Bundes: https:\/\/www.bundesfinanzministerium.de\/Monatsberichte\/2018\/08\/Inhalte\/Kapitel-4-Wirtschafts-und-Finanzlage\/4-5-finanzmaerkte-und-kreditaufnahme-des-bundes.html<\/p>\n<p>Europ\u00e4ische Wirtschafts- und Finanzpolitik: https:\/\/www.bundesfinanzministerium.de\/Monatsberichte\/2018\/08\/Inhalte\/Kapitel-4-Wirtschafts-und-Finanzlage\/4-6-europaeische-wirtschafts-und-finanzpolitik.html<\/p>\n<p>Aktuelles aus dem BMF: https:\/\/www.bundesfinanzministerium.de\/Monatsberichte\/2018\/08\/Kapitel\/kapitel-5-aktuelles-aus-dem-bmf.html<br \/>\nIm Portrait: Dr. Rolf B\u00f6singer: https:\/\/www.bundesfinanzministerium.de\/Monatsberichte\/2018\/08\/Inhalte\/Kapitel-5-Aktuelles-aus-dem-BMF\/5-3-im-portrait-Boesinger.html<\/p>\n<p>Im Portrait: Werner Gatzer: https:\/\/www.bundesfinanzministerium.de\/Monatsberichte\/2018\/08\/Inhalte\/Kapitel-5-Aktuelles-aus-dem-BMF\/5-4-im-portrait-Gatzer.html<\/p>\n<p>Termine: https:\/\/www.bundesfinanzministerium.de\/Monatsberichte\/2018\/08\/Inhalte\/Kapitel-5-Aktuelles-aus-dem-BMF\/5-1-termine.html<\/p>\n<p>Publikationen aus dem BMF: https:\/\/www.bundesfinanzministerium.de\/Monatsberichte\/2018\/08\/Inhalte\/Kapitel-5-Aktuelles-aus-dem-BMF\/5-2-publikationen.html<\/p>\n<p>Statistiken und Dokumentationen: https:\/\/www.bundesfinanzministerium.de\/Monatsberichte\/2018\/08\/Kapitel\/kapitel-6-0-statistiken-dokumentationen.html<br \/>\n\u00dcbersichten zur finanzwirtschaftlichen Entwicklung: https:\/\/www.bundesfinanzministerium.de\/Monatsberichte\/2018\/08\/Kapitel\/kapitel-6-1-finanzwirtschaftliche-entwicklung.html<\/p>\n<p>\u00dcbersichten zur Entwicklung der L\u00e4nderhaushalte: https:\/\/www.bundesfinanzministerium.de\/Monatsberichte\/2018\/08\/Kapitel\/kapitel-6-2-laenderhaushalte.html<\/p>\n<p>Gesamtwirtschaftliches Produktionspotenzial und Konjunkturkomponenten des Bundes: https:\/\/www.bundesfinanzministerium.de\/Monatsberichte\/2018\/08\/Kapitel\/kapitel-6-3-produktionspotenzial-konjunkturkomponenten.html<\/p>\n<p>Kennzahlen zur gesamtwirtschaftlichen Entwicklung: https:\/\/www.bundesfinanzministerium.de\/Monatsberichte\/2018\/08\/Kapitel\/kapitel-6-4-kennzahlen.html<\/p>\n<p>English version: Translated abstracts: https:\/\/www.bundesfinanzministerium.de\/Monatsberichte\/2018\/08\/Kapitel\/kapitel-7-english-version.html<br \/>\nHinweise: https:\/\/www.bundesfinanzministerium.de\/Monatsberichte\/2018\/08\/Kapitel\/kapitel-8-hinweise.html<\/p>\n<p>Quelle: bundesfinanzministerium.de<\/p>\n","protected":false},"excerpt":{"rendered":"<p>Berlin: In der August-Ausgabe unseres Monatsberichts skizzieren wir f\u00fcr Sie eine Momentaufnahme der deutsch-franz\u00f6sischen Zusammenarbeit aus Sicht des BMF und Sie erhalten einen \u00dcberblick \u00fcber die Einnahmen und Ausgaben des Bundes im Sollbericht 2018. Dar\u00fcber hinaus erl\u00e4utern wir anhand der \u201eE-Bilanz\u201c ein gelungenes Beispiel der Digitalisierung, stellen das neue BMF-Schreiben zur Kassen-Nachschau vor und blicken [&hellip;]<\/p>\n","protected":false},"author":7,"featured_media":3802,"comment_status":"closed","ping_status":"open","sticky":false,"template":"","format":"standard","meta":{"footnotes":""},"categories":[44,3],"tags":[2604],"class_list":["post-11862","post","type-post","status-publish","format-standard","has-post-thumbnail","hentry","category-deutschland-2","category-news","tag-bundesfinanzministerium"],"_links":{"self":[{"href":"https:\/\/www.frankensicht.de\/index.php?rest_route=\/wp\/v2\/posts\/11862","targetHints":{"allow":["GET"]}}],"collection":[{"href":"https:\/\/www.frankensicht.de\/index.php?rest_route=\/wp\/v2\/posts"}],"about":[{"href":"https:\/\/www.frankensicht.de\/index.php?rest_route=\/wp\/v2\/types\/post"}],"author":[{"embeddable":true,"href":"https:\/\/www.frankensicht.de\/index.php?rest_route=\/wp\/v2\/users\/7"}],"replies":[{"embeddable":true,"href":"https:\/\/www.frankensicht.de\/index.php?rest_route=%2Fwp%2Fv2%2Fcomments&post=11862"}],"version-history":[{"count":1,"href":"https:\/\/www.frankensicht.de\/index.php?rest_route=\/wp\/v2\/posts\/11862\/revisions"}],"predecessor-version":[{"id":11863,"href":"https:\/\/www.frankensicht.de\/index.php?rest_route=\/wp\/v2\/posts\/11862\/revisions\/11863"}],"wp:featuredmedia":[{"embeddable":true,"href":"https:\/\/www.frankensicht.de\/index.php?rest_route=\/wp\/v2\/media\/3802"}],"wp:attachment":[{"href":"https:\/\/www.frankensicht.de\/index.php?rest_route=%2Fwp%2Fv2%2Fmedia&parent=11862"}],"wp:term":[{"taxonomy":"category","embeddable":true,"href":"https:\/\/www.frankensicht.de\/index.php?rest_route=%2Fwp%2Fv2%2Fcategories&post=11862"},{"taxonomy":"post_tag","embeddable":true,"href":"https:\/\/www.frankensicht.de\/index.php?rest_route=%2Fwp%2Fv2%2Ftags&post=11862"}],"curies":[{"name":"wp","href":"https:\/\/api.w.org\/{rel}","templated":true}]}}