{"id":11859,"date":"2018-08-18T08:10:13","date_gmt":"2018-08-18T06:10:13","guid":{"rendered":"http:\/\/www.frankensicht.de\/?p=11859"},"modified":"2018-08-18T08:10:13","modified_gmt":"2018-08-18T06:10:13","slug":"menschenrechtsbeauftragte-kofler-zur-entlassung-von-taner-kilic-aus-der-untersuchungshaft","status":"publish","type":"post","link":"https:\/\/www.frankensicht.de\/?p=11859","title":{"rendered":"Menschenrechtsbeauftragte Kofler zur Entlassung von Taner K\u0131l\u0131\u00e7 aus der Untersuchungshaft"},"content":{"rendered":"<p><span style=\"color: #ff0000;\">Berlin:<\/span><\/p>\n<p>Menschenrechtsbeauftragte Kofler zur Entlassung von Taner K\u0131l\u0131\u00e7 aus der Untersuchungshaft<\/p>\n<p>&nbsp;<\/p>\n<p>Zur Entscheidung eines Istanbuler Gerichts, den Ehrenvorsitzenden der T\u00fcrkei-Sektion von Amnesty International, Taner K\u0131l\u0131\u00e7, aus der Untersuchungshaft zu entlassen, erkl\u00e4rte die Beauftragte der Bundesregierung f\u00fcr Menschenrechtspolitik und Humanit\u00e4re Hilfe im Ausw\u00e4rtigen Amt, B\u00e4rbel Kofler, heute (16.08.):<br \/>\n&#8222;Ich habe mich sehr \u00fcber die gestrige Nachricht von der Freilassung Taner K\u0131l\u0131\u00e7s gefreut. Dass er im Rahmen eines umstrittenen Verfahrens 14 Monate seines Lebens in Unfreiheit verbringen musste, hinterl\u00e4sst allerdings einen bitteren Beigeschmack. Ich hoffe sehr, dass diese ermutigende Entscheidung kein Einzelfall bleibt. Allen ist klar, dass immer noch zahllose Journalisten, Menschenrechtsaktivisten und kritische Geister aufgrund politischer Tatvorw\u00fcrfe in t\u00fcrkischen Haftanstalten sitzen. Auch einige deutsche Staatsangeh\u00f6rige befinden sich aus diesem Grunde in t\u00fcrkischer Haft. Mein Appell an die Justiz ist es, allen Betroffenen nun die rechtstaatliche Behandlung zu gew\u00e4hren, die ihnen nach internationalem Recht zusteht. Eine starke T\u00fcrkei braucht eine ebenso starke Zivilgesellschaft.&#8220;<\/p>\n<p><a href=\"https:\/\/www.frankensicht.de\/?attachment_id=1410\" rel=\"attachment wp-att-1410\"><img loading=\"lazy\" decoding=\"async\" class=\"alignnone size-medium wp-image-1410\" src=\"https:\/\/www.frankensicht.de\/wp-content\/uploads\/2012\/05\/paragraf-300x187.jpg\" alt=\"\" width=\"300\" height=\"187\" srcset=\"https:\/\/www.frankensicht.de\/wp-content\/uploads\/2012\/05\/paragraf-300x187.jpg 300w, https:\/\/www.frankensicht.de\/wp-content\/uploads\/2012\/05\/paragraf.jpg 640w\" sizes=\"auto, (max-width: 300px) 100vw, 300px\" \/><\/a><br \/>\nHintergrund:<br \/>\nDer ehemalige Vorstandsvorsitzende der T\u00fcrkei-Sektion von Amnesty International wurde am 6. Juni 2017 in Izmir festgenommen, die Staatsanwaltschaft wirft ihm \u201eMitgliedschaft in einer terroristischen Vereinigung\u201c vor. Bereits am 31. Januar 2018 hatte das zust\u00e4ndige Gericht seine Freilassung aus der Untersuchungshaft angeordnet, der Beschluss wurde jedoch am folgenden Tag revidiert. Am 15. August 2018 entschied ein Gericht ein Istanbul erneut, Herrn Kilic aus der Haft zu entlassen. Inzwischen konnte er die Haftanstalt verlassen. Einen Beweis f\u00fcr die ihm vorgeworfenen Taten haben die Strafverfolgungsbeh\u00f6rden nach wie vor nicht vorgelegt.<\/p>\n<p>Quelle:auswaertiges-amt.de<\/p>\n","protected":false},"excerpt":{"rendered":"<p>Berlin: Menschenrechtsbeauftragte Kofler zur Entlassung von Taner K\u0131l\u0131\u00e7 aus der Untersuchungshaft &nbsp; Zur Entscheidung eines Istanbuler Gerichts, den Ehrenvorsitzenden der T\u00fcrkei-Sektion von Amnesty International, Taner K\u0131l\u0131\u00e7, aus der Untersuchungshaft zu entlassen, erkl\u00e4rte die Beauftragte der Bundesregierung f\u00fcr Menschenrechtspolitik und Humanit\u00e4re Hilfe im Ausw\u00e4rtigen Amt, B\u00e4rbel Kofler, heute (16.08.): &#8222;Ich habe mich sehr \u00fcber die gestrige [&hellip;]<\/p>\n","protected":false},"author":7,"featured_media":1410,"comment_status":"closed","ping_status":"open","sticky":false,"template":"","format":"standard","meta":{"footnotes":""},"categories":[44,30],"tags":[2549],"class_list":["post-11859","post","type-post","status-publish","format-standard","has-post-thumbnail","hentry","category-deutschland-2","category-welt","tag-taner-kilic"],"_links":{"self":[{"href":"https:\/\/www.frankensicht.de\/index.php?rest_route=\/wp\/v2\/posts\/11859","targetHints":{"allow":["GET"]}}],"collection":[{"href":"https:\/\/www.frankensicht.de\/index.php?rest_route=\/wp\/v2\/posts"}],"about":[{"href":"https:\/\/www.frankensicht.de\/index.php?rest_route=\/wp\/v2\/types\/post"}],"author":[{"embeddable":true,"href":"https:\/\/www.frankensicht.de\/index.php?rest_route=\/wp\/v2\/users\/7"}],"replies":[{"embeddable":true,"href":"https:\/\/www.frankensicht.de\/index.php?rest_route=%2Fwp%2Fv2%2Fcomments&post=11859"}],"version-history":[{"count":1,"href":"https:\/\/www.frankensicht.de\/index.php?rest_route=\/wp\/v2\/posts\/11859\/revisions"}],"predecessor-version":[{"id":11860,"href":"https:\/\/www.frankensicht.de\/index.php?rest_route=\/wp\/v2\/posts\/11859\/revisions\/11860"}],"wp:featuredmedia":[{"embeddable":true,"href":"https:\/\/www.frankensicht.de\/index.php?rest_route=\/wp\/v2\/media\/1410"}],"wp:attachment":[{"href":"https:\/\/www.frankensicht.de\/index.php?rest_route=%2Fwp%2Fv2%2Fmedia&parent=11859"}],"wp:term":[{"taxonomy":"category","embeddable":true,"href":"https:\/\/www.frankensicht.de\/index.php?rest_route=%2Fwp%2Fv2%2Fcategories&post=11859"},{"taxonomy":"post_tag","embeddable":true,"href":"https:\/\/www.frankensicht.de\/index.php?rest_route=%2Fwp%2Fv2%2Ftags&post=11859"}],"curies":[{"name":"wp","href":"https:\/\/api.w.org\/{rel}","templated":true}]}}