{"id":11855,"date":"2018-08-17T08:20:22","date_gmt":"2018-08-17T06:20:22","guid":{"rendered":"http:\/\/www.frankensicht.de\/?p=11855"},"modified":"2018-08-19T08:16:46","modified_gmt":"2018-08-19T06:16:46","slug":"umwelt-und-naturschutzmassnahmen-der-landwirtschaft-sollen-besser-verguetet-werden-umweltstaatssekretaer-jochen-flasbarth-und-der-landwirtschafts-und-umweltminister-von-mecklenburg-vorpommern-dr","status":"publish","type":"post","link":"https:\/\/www.frankensicht.de\/?p=11855","title":{"rendered":"Umwelt- und Naturschutzma\u00dfnahmen der Landwirtschaft sollen besser verg\u00fctet werden"},"content":{"rendered":"<p><span style=\"color: #ff0000;\">Berlin:<\/span><\/p>\n<p>Umwelt- und Naturschutzma\u00dfnahmen der Landwirtschaft sollen besser<br \/>\nverg\u00fctet werden<\/p>\n<p>Umweltstaatssekret\u00e4r Jochen Flasbarth und der Landwirtschafts- und<br \/>\nUmweltminister von Mecklenburg-Vorpommern Dr. Till Backhaus beraten heute<br \/>\n\u00fcber die anstehende EU-Agrarreform und \u00fcber Naturschutzma\u00dfnahmen der<br \/>\nLandwirtschaft. Mecklenburg-Vorpommern hat ein Konzept vorgelegt, bei dem<br \/>\ndie Umwelt- und Naturschutzleistungen der Landwirte st\u00e4rker als bisher<br \/>\naus EU-Mitteln entlohnt werden sollen. Das Treffen findet im Nationalpark<br \/>\nVorpommersche Boddenlandschaft statt, wo unter anderem das<br \/>\nK\u00fcstenschutzsystem Ostzingst und das Renaturierungsgebiet Sundische<br \/>\nWiesen besucht wird.<\/p>\n<p><a href=\"https:\/\/www.frankensicht.de\/?attachment_id=8505\" rel=\"attachment wp-att-8505\"><img loading=\"lazy\" decoding=\"async\" class=\"alignnone size-medium wp-image-8505\" src=\"https:\/\/www.frankensicht.de\/wp-content\/uploads\/2015\/05\/P1030464-300x225.jpg\" alt=\"\" width=\"300\" height=\"225\" srcset=\"https:\/\/www.frankensicht.de\/wp-content\/uploads\/2015\/05\/P1030464-300x225.jpg 300w, https:\/\/www.frankensicht.de\/wp-content\/uploads\/2015\/05\/P1030464.jpg 640w\" sizes=\"auto, (max-width: 300px) 100vw, 300px\" \/><\/a><\/p>\n<p>Staatssekret\u00e4r Flasbarth: \u201eDie momentane D\u00fcrre in weiten Teilen<br \/>\nOstdeutschlands zeigt, dass es sich f\u00fcr die Landwirtschaft auszahlt,<br \/>\nvermehrt in Anpassungsma\u00dfnahmen an den Klimawandel zu investieren. Daf\u00fcr<br \/>\nbrauchen die Landwirte finanzielle Mittel. Diese st\u00fcnden in der<br \/>\nEU-Agrarf\u00f6rderung bereit, dazu muss diese aber entsprechend ausgerichtet<br \/>\nwerden. Da viele Umwelt- und Naturschutzleistungen der Landwirte auch der<br \/>\nKlimaanpassung dienen, sollten die EU-Gelder f\u00fcr die Landwirtschaft<br \/>\nendlich auch st\u00e4rker an solche Leistungen gekn\u00fcpft werden. Ich<br \/>\nbegr\u00fc\u00dfe, dass Mecklenburg-Vorpommern hierzu ein umfassendes, ehrgeiziges<br \/>\nKonzept entwickelt hat.\u201c<\/p>\n<p>Der Umwelt- und Landwirtschaftsminister von Mecklenburg-Vorpommern<br \/>\nBackhaus:<br \/>\n\u201eExtreme Witterungsereignisse wie die anhaltende Trockenheit der<br \/>\nvergangenen Monate oder die \u00dcberflutungen von 2017 stellten sich immer<br \/>\nh\u00e4ufiger ein. Die Kompensation der entstandenen Sch\u00e4den \u00fcberfordert die<br \/>\nLandwirte ebenso wie die Gesellschaft. Deshalb muss der bisherigen<br \/>\nMarktorientierung der gemeinsamen europ\u00e4ischen Agrarpolitik eine klare<br \/>\nUmweltorientierung entgegengesetzt werden. Die k\u00fcnftige europ\u00e4ische<br \/>\nAgrarpolitik muss es den Landwirten erm\u00f6glichen, mit Umweltleistungen<br \/>\nGeld zu verdienen \u2013 so wie wir es mit dem Modell aus<br \/>\nMecklenburg-Vorpommern zur gemeinsamen europ\u00e4ischen Agrarpolitik nach<br \/>\n2020 vorschlagen.\u201c<\/p>\n<p>Die Gemeinsame Agrarpolitik (GAP) wird trotz K\u00fcrzungen einer der gr\u00f6\u00dften<br \/>\nHaushaltsposten der EU bleiben. Nur wenn die Anforderungen von Umwelt und<br \/>\nGesellschaft in die Landwirtschaft integriert werden, lassen sich<br \/>\n\u00f6ffentliche Zahlungen dauerhaft rechtfertigen. Gerade im Naturschutz<br \/>\nfehlen bisher effiziente F\u00f6rderma\u00dfnahmen. F\u00fcr solche Ma\u00dfnahmen wollen<br \/>\nsich Umweltstaatssekret\u00e4r Flasbarth und Minister Backhaus zuk\u00fcnftig<br \/>\ngemeinsam einsetzen.<\/p>\n<p>Auch die Staatssekret\u00e4re der Umweltminister aller sechzehn Bundesl\u00e4nder<br \/>\nhaben sich k\u00fcrzlich daf\u00fcr ausgesprochen, dass Umweltaspekte bei der<br \/>\nReform der gemeinsamen EU Agrarpolitik st\u00e4rker ber\u00fccksichtigt werden<br \/>\nsollten.<\/p>\n<p>Der Nationalpark Vorpommersche Boddenlandschaft geh\u00f6rt als einer von 16<br \/>\nNationalparken zu den Natursch\u00e4tzen in Deutschland. Die Halbinsel<br \/>\nDar\u00df-Zingst und die Insel Hiddensee sowie die sie umgebenden Ostsee- und<br \/>\nBoddengew\u00e4sser zeichnen sich durch eine abwechslungsreiche Landschaft mit<br \/>\nvielf\u00e4ltiger Biodiversit\u00e4t aus. In den letzten Jahren fanden mehrere<br \/>\nDeichbauma\u00dfnahmen statt, die auch zu einem verbesserten Naturschutz (u.<br \/>\na. Wiederherstellung von Salzwiesen) f\u00fchren.<\/p>\n<p>Weitere Informationen:<\/p>\n<p>Beschluss der Sonder-Amtsleiter-Konferenz der UMK vom 4. Juli 2018:<br \/>\nhttps:\/\/www.umweltministerkonferenz.de\/documents\/endgueltiges-protokoll-der-sonder-ack-vom-4-juli-in-berlin_1532082161.pdf<\/p>\n<p>Die Gemeinsame Agrarpolitik der EU (GAP) regelt f\u00fcr jeweils sieben Jahre<br \/>\ndie F\u00f6rderung der Landwirtschaft in Europa und welche Umweltanforderungen<br \/>\ndabei zu ber\u00fccksichtigen sind. Derzeit laufen die Beratungen von<br \/>\nEurop\u00e4ischem Rat, Europ\u00e4ischem Parlament und Europ\u00e4ischer Kommission<br \/>\nf\u00fcr die F\u00f6rderperiode nach 2020. Nach den Vorschl\u00e4gen der EU-Kommission<br \/>\nsoll die GAP einer der beiden gro\u00dfen Ausgabeposten der EU bleiben. Bei<br \/>\nder Positionierung der Bundesregierung setzt sich das<br \/>\nBundesumweltministerium dabei f\u00fcr mehr Klima-, Umwelt- und Naturschutz in<br \/>\nden GAP-Vorschl\u00e4gen ein.<\/p>\n<p>Quelle:bmu.bund.de<\/p>\n","protected":false},"excerpt":{"rendered":"<p>Berlin: Umwelt- und Naturschutzma\u00dfnahmen der Landwirtschaft sollen besser verg\u00fctet werden Umweltstaatssekret\u00e4r Jochen Flasbarth und der Landwirtschafts- und Umweltminister von Mecklenburg-Vorpommern Dr. Till Backhaus beraten heute \u00fcber die anstehende EU-Agrarreform und \u00fcber Naturschutzma\u00dfnahmen der Landwirtschaft. Mecklenburg-Vorpommern hat ein Konzept vorgelegt, bei dem die Umwelt- und Naturschutzleistungen der Landwirte st\u00e4rker als bisher aus EU-Mitteln entlohnt werden sollen. [&hellip;]<\/p>\n","protected":false},"author":7,"featured_media":10003,"comment_status":"open","ping_status":"open","sticky":false,"template":"","format":"standard","meta":{"footnotes":""},"categories":[44,3],"tags":[1284],"class_list":["post-11855","post","type-post","status-publish","format-standard","has-post-thumbnail","hentry","category-deutschland-2","category-news","tag-naturschutz"],"_links":{"self":[{"href":"https:\/\/www.frankensicht.de\/index.php?rest_route=\/wp\/v2\/posts\/11855","targetHints":{"allow":["GET"]}}],"collection":[{"href":"https:\/\/www.frankensicht.de\/index.php?rest_route=\/wp\/v2\/posts"}],"about":[{"href":"https:\/\/www.frankensicht.de\/index.php?rest_route=\/wp\/v2\/types\/post"}],"author":[{"embeddable":true,"href":"https:\/\/www.frankensicht.de\/index.php?rest_route=\/wp\/v2\/users\/7"}],"replies":[{"embeddable":true,"href":"https:\/\/www.frankensicht.de\/index.php?rest_route=%2Fwp%2Fv2%2Fcomments&post=11855"}],"version-history":[{"count":2,"href":"https:\/\/www.frankensicht.de\/index.php?rest_route=\/wp\/v2\/posts\/11855\/revisions"}],"predecessor-version":[{"id":11861,"href":"https:\/\/www.frankensicht.de\/index.php?rest_route=\/wp\/v2\/posts\/11855\/revisions\/11861"}],"wp:featuredmedia":[{"embeddable":true,"href":"https:\/\/www.frankensicht.de\/index.php?rest_route=\/wp\/v2\/media\/10003"}],"wp:attachment":[{"href":"https:\/\/www.frankensicht.de\/index.php?rest_route=%2Fwp%2Fv2%2Fmedia&parent=11855"}],"wp:term":[{"taxonomy":"category","embeddable":true,"href":"https:\/\/www.frankensicht.de\/index.php?rest_route=%2Fwp%2Fv2%2Fcategories&post=11855"},{"taxonomy":"post_tag","embeddable":true,"href":"https:\/\/www.frankensicht.de\/index.php?rest_route=%2Fwp%2Fv2%2Ftags&post=11855"}],"curies":[{"name":"wp","href":"https:\/\/api.w.org\/{rel}","templated":true}]}}