{"id":11853,"date":"2018-08-16T08:26:31","date_gmt":"2018-08-16T06:26:31","guid":{"rendered":"http:\/\/www.frankensicht.de\/?p=11853"},"modified":"2018-08-16T08:26:31","modified_gmt":"2018-08-16T06:26:31","slug":"bundeslandwirtschaftsministerin-julia-kloeckner-sorgfalt-muss-vor-schnelligkeit-gehen-die-ministerin-berichtet-dem-kabinett-ueber-den-zwischenstand-zu-duerre-und-der-direktverordnu","status":"publish","type":"post","link":"https:\/\/www.frankensicht.de\/?p=11853","title":{"rendered":"Bundeslandwirtschaftsministerin Julia Kl\u00f6ckner: \u201eSorgfalt muss vor Schnelligkeit gehen.\u201c Die Ministerin berichtet dem Kabinett \u00fcber den Zwischenstand zu D\u00fcrre und der Direktverordnung \u00f6kologische Vorrangfl\u00e4chen"},"content":{"rendered":"<p><span style=\"color: #ff0000;\">Berlin:<\/span><\/p>\n<p>Bundeslandwirtschaftsministerin Julia Kl\u00f6ckner: \u201eSorgfalt muss vor Schnelligkeit gehen.\u201c<br \/>\nDie Ministerin berichtet dem Kabinett \u00fcber den Zwischenstand zu D\u00fcrre und der Direktverordnung \u00f6kologische Vorrangfl\u00e4chen<\/p>\n<p>Bundeslandwirtschaftsministerin Julia Kl\u00f6ckner berichtete dem Bundeskabinett am heutigen Mittwoch \u00fcber den Zwischenstand zur D\u00fcrre. Damit die F\u00fctterung der Tiere in viehhaltenden Betrieben sichergestellt werden kann, brachte Kl\u00f6ckner zudem eine Verordnung zur \u00c4nderung der Direktzahlungen-Durchf\u00fchrungsverordnung auf den Weg, die heute im Kabinett beschlossen wurde.<\/p>\n<p><a href=\"https:\/\/www.frankensicht.de\/?attachment_id=8920\" rel=\"attachment wp-att-8920\"><img loading=\"lazy\" decoding=\"async\" class=\"alignnone size-medium wp-image-8920\" src=\"https:\/\/www.frankensicht.de\/wp-content\/uploads\/2015\/08\/P1020624-300x225.jpg\" alt=\"\" width=\"300\" height=\"225\" srcset=\"https:\/\/www.frankensicht.de\/wp-content\/uploads\/2015\/08\/P1020624-300x225.jpg 300w, https:\/\/www.frankensicht.de\/wp-content\/uploads\/2015\/08\/P1020624.jpg 640w\" sizes=\"auto, (max-width: 300px) 100vw, 300px\" \/><\/a><\/p>\n<p>Bundeslandwirtschaftsministerin Julia Kl\u00f6ckner erkl\u00e4rt dazu:<br \/>\n\u201eWichtig ist, dass wir trotz der angespannten Situation alle besonnen und vorausschauend handeln. Sorgfalt muss vor Schnelligkeit gehen, damit die Hilfe die Richtigen erreicht. Das sind aus unserer Sicht nur diejenigen, die durch die D\u00fcrre in wirtschaftliche Not geraten sind und die unsere Hilfe dringend brauchen. Wir m\u00fcssen alle an einem Strang ziehen. Jeder muss nun seinem Arbeitsauftrag gerecht werden: Die L\u00e4nder m\u00fcssen f\u00fcr einheitliche Erhebungsgrunds\u00e4tze bei den Schadensmeldungen sorgen, die \u00fcber Sch\u00e4tzungen hinausgehen. Mein Ministerium muss die Zahlen und Daten f\u00fcr den Erntebericht auswerten, damit wir eine valide Grundlage haben. Die Landwirte k\u00f6nnen nun auch schnell reagieren und zum Beispiel auf den \u00f6kologischen Vorrangfl\u00e4chen auss\u00e4hen, damit sie ihre Tiere versorgen k\u00f6nnen. \u201c<\/p>\n<p>Hintergrund<br \/>\nDie Landwirte m\u00fcssen generell f\u00fcr den Erhalt von EU-Direktzahlungen bestimmte Auflagen erf\u00fcllen. Dazu geh\u00f6rt, dass sie sog. \u00f6kologische Vorrangfl\u00e4chen ausweisen, auf denen etwa Zwischenfr\u00fcchte angebaut werden, die derzeit mindestens von Oktober bis Dezember auf der Fl\u00e4che stehen bleiben m\u00fcssen. Der Aufwuchs dieser Zwischenfr\u00fcchte darf derzeit nicht f\u00fcr Futterzwecke genutzt werden. (Ausnahme lediglich Beweidung durch Schafe und Ziegen.) Die heutige Verordnung bietet Landwirten nun die M\u00f6glichkeit, auch \u00f6kologische Vorrangfl\u00e4chen mit Anbau von Zwischenfruchtmischungen f\u00fcr Futterzwecke nutzen zu k\u00f6nnen. Die Zwischenfruchtmischungen, wie z.B. Klee-Gras-Mischungen, k\u00f6nnen &#8211; soweit das Wetter es zul\u00e4sst &#8211; auch bereits jetzt ausges\u00e4t werden. Nach Ablauf von acht Wochen kann der Aufwuchs uneingeschr\u00e4nkt f\u00fcr Futterzwecke genutzt werden. Am Montag, dem 13.08.2018, fand ein zweites Bund-L\u00e4nder-Treffen zur D\u00fcrreperiode in Berlin statt. Die L\u00e4nder meldeten im Vorfeld Schadenseinsch\u00e4tzungen und Hilfsprogramme. Endg\u00fcltige Zahlen zu den Ernteeinbu\u00dfen werden aber erst Ende August vorliegen, wenn der Erntebericht ver\u00f6ffentlicht wird.<\/p>\n<p>Quelle: bmel.bund.de<\/p>\n","protected":false},"excerpt":{"rendered":"<p>Berlin: Bundeslandwirtschaftsministerin Julia Kl\u00f6ckner: \u201eSorgfalt muss vor Schnelligkeit gehen.\u201c Die Ministerin berichtet dem Kabinett \u00fcber den Zwischenstand zu D\u00fcrre und der Direktverordnung \u00f6kologische Vorrangfl\u00e4chen Bundeslandwirtschaftsministerin Julia Kl\u00f6ckner berichtete dem Bundeskabinett am heutigen Mittwoch \u00fcber den Zwischenstand zur D\u00fcrre. Damit die F\u00fctterung der Tiere in viehhaltenden Betrieben sichergestellt werden kann, brachte Kl\u00f6ckner zudem eine Verordnung zur [&hellip;]<\/p>\n","protected":false},"author":7,"featured_media":8920,"comment_status":"closed","ping_status":"open","sticky":false,"template":"","format":"standard","meta":{"footnotes":""},"categories":[44,71],"tags":[2602],"class_list":["post-11853","post","type-post","status-publish","format-standard","has-post-thumbnail","hentry","category-deutschland-2","category-menue","tag-duerre"],"_links":{"self":[{"href":"https:\/\/www.frankensicht.de\/index.php?rest_route=\/wp\/v2\/posts\/11853","targetHints":{"allow":["GET"]}}],"collection":[{"href":"https:\/\/www.frankensicht.de\/index.php?rest_route=\/wp\/v2\/posts"}],"about":[{"href":"https:\/\/www.frankensicht.de\/index.php?rest_route=\/wp\/v2\/types\/post"}],"author":[{"embeddable":true,"href":"https:\/\/www.frankensicht.de\/index.php?rest_route=\/wp\/v2\/users\/7"}],"replies":[{"embeddable":true,"href":"https:\/\/www.frankensicht.de\/index.php?rest_route=%2Fwp%2Fv2%2Fcomments&post=11853"}],"version-history":[{"count":1,"href":"https:\/\/www.frankensicht.de\/index.php?rest_route=\/wp\/v2\/posts\/11853\/revisions"}],"predecessor-version":[{"id":11854,"href":"https:\/\/www.frankensicht.de\/index.php?rest_route=\/wp\/v2\/posts\/11853\/revisions\/11854"}],"wp:featuredmedia":[{"embeddable":true,"href":"https:\/\/www.frankensicht.de\/index.php?rest_route=\/wp\/v2\/media\/8920"}],"wp:attachment":[{"href":"https:\/\/www.frankensicht.de\/index.php?rest_route=%2Fwp%2Fv2%2Fmedia&parent=11853"}],"wp:term":[{"taxonomy":"category","embeddable":true,"href":"https:\/\/www.frankensicht.de\/index.php?rest_route=%2Fwp%2Fv2%2Fcategories&post=11853"},{"taxonomy":"post_tag","embeddable":true,"href":"https:\/\/www.frankensicht.de\/index.php?rest_route=%2Fwp%2Fv2%2Ftags&post=11853"}],"curies":[{"name":"wp","href":"https:\/\/api.w.org\/{rel}","templated":true}]}}