{"id":11851,"date":"2018-08-15T08:28:31","date_gmt":"2018-08-15T06:28:31","guid":{"rendered":"http:\/\/www.frankensicht.de\/?p=11851"},"modified":"2018-08-15T08:28:31","modified_gmt":"2018-08-15T06:28:31","slug":"startschuss-fuer-neues-staatliches-mobilfunkzentrum","status":"publish","type":"post","link":"https:\/\/www.frankensicht.de\/?p=11851","title":{"rendered":"Startschuss f\u00fcr neues staatliches Mobilfunkzentrum"},"content":{"rendered":"<p><span style=\"color: #ff0000;\">M\u00fcnchen -Regensburg:<\/span><\/p>\n<p>Startschuss f\u00fcr neues staatliches Mobilfunkzentrum<\/p>\n<p>Pschierer: Neues Mobilfunkzentrum bei der Regierung der Oberpfalz wird zentrale Anlaufstelle f\u00fcr den Mobilfunkausbau in Bayern<\/p>\n<p>Bayerns Wirtschaftsminister Franz Josef Pschierer gibt heute zusammen mit Herrn Regierungspr\u00e4sidenten Axel Bartelt den Startschuss f\u00fcr das neue Mobilfunkzentrum bei der Regierung der Oberpfalz.<\/p>\n<p>Die Staatsregierung gestaltet aktiv Bayerns Aufbruch in die Gigabitgesellschaft. Dazu setzen wir unsere Mobilfunkinitiative konsequent um. Das neue Mobilfunkzentrum ist ein zentraler Baustein unserer Initiative. Es wird als bayernweite Beratungs,- Informations- und F\u00f6rderstelle den Kommunen umfassende Hilfestellungen bei der Durchf\u00fchrung des Bayerischen Mobilfunkf\u00f6rderprogramms geben. Ziel unseres F\u00f6rderprogramms ist es 500 neue Maststandorte in bisher unversorgten Gebieten zu errichten und dadurch die Mobilfunkabdeckung deutlich zu verbessern. Daf\u00fcr stehen 80 Millionen Euro bereit. Das F\u00f6rderprogramm soll im Herbst starten betont Pschierer.<\/p>\n<p>Das Mobilfunkzentrum wird mit zehn neuen Stellen ausgestattet. Es f\u00fchrt im Rahmen des F\u00f6rderprogramms die Markterkundung durch, ber\u00e4t und unterst\u00fctzt Gemeinden bei F\u00f6rderbedingungen und Antragstellung, verwaltet das Online-Antragsportal, h\u00e4lt Vertragsmuster bereit und hilft bei der Kommunikation zwischen den beteiligten Kommunen und Mobilfunkunternehmen.<\/p>\n<p><a href=\"https:\/\/www.frankensicht.de\/?attachment_id=3002\" rel=\"attachment wp-att-3002\"><img loading=\"lazy\" decoding=\"async\" class=\"alignnone size-medium wp-image-3002\" src=\"https:\/\/www.frankensicht.de\/wp-content\/uploads\/2012\/06\/handy-300x225.jpg\" alt=\"\" width=\"300\" height=\"225\" srcset=\"https:\/\/www.frankensicht.de\/wp-content\/uploads\/2012\/06\/handy-300x225.jpg 300w, https:\/\/www.frankensicht.de\/wp-content\/uploads\/2012\/06\/handy.jpg 640w\" sizes=\"auto, (max-width: 300px) 100vw, 300px\" \/><\/a><\/p>\n<p>Mit dem bei uns angesiedelten Mobilfunkzentrum entwickelt sich die Regierung der Oberpfalz bei der staatlichen F\u00f6rderung der Digitalisierung zu einem echten Kompetenzzentrum betont Regierungspr\u00e4sident Axel Bartelt. Bereits seit 2016 sind wir aktiv mit der fachlichen Koordinierung des F\u00f6rderprogramms Digitalbonus befasst. Das Mobilfunkzentrum bildet nun den n\u00e4chsten Schritt. Die Bayerische Staatsregierung stellt mit dem F\u00f6rderprogramm ein wirksames Instrumentarium zur Verf\u00fcgung, um gemeinsam mit den Kommunen und Mobilfunkbetreibern die Mobilfunkversorgung im Freistaat Bayern zu verbessern.<\/p>\n<p>Neben dem F\u00f6rderprogramm f\u00fcr Kommunen umfasst die Mobilfunkinitiative der Bayerischen Staatsregierung eine F\u00f6rderung f\u00fcr die Ert\u00fcchtigung von Masten des Beh\u00f6rdlichen Digitalfunks BOS und eine Vereinbarung mit der Mobilfunkwirtschaft, das Netz in Bayern auszubauen. Pschierer: Ich sehe bereits heute deutliche Fortschritte. Allein im ersten Halbjahr wurden rund 50 neue Maststandorte verwirklicht und \u00fcber 900 bestehende Standorte aufger\u00fcstet. Im Schulterschluss mit Wirtschaft und Kommunen wollen wir so insgesamt 1000 neue Maststandorte bis 2020 in Bayern realisieren<\/p>\n<p>Quelle:stmwi.bayern.de<\/p>\n","protected":false},"excerpt":{"rendered":"<p>M\u00fcnchen -Regensburg: Startschuss f\u00fcr neues staatliches Mobilfunkzentrum Pschierer: Neues Mobilfunkzentrum bei der Regierung der Oberpfalz wird zentrale Anlaufstelle f\u00fcr den Mobilfunkausbau in Bayern Bayerns Wirtschaftsminister Franz Josef Pschierer gibt heute zusammen mit Herrn Regierungspr\u00e4sidenten Axel Bartelt den Startschuss f\u00fcr das neue Mobilfunkzentrum bei der Regierung der Oberpfalz. Die Staatsregierung gestaltet aktiv Bayerns Aufbruch in die [&hellip;]<\/p>\n","protected":false},"author":7,"featured_media":3002,"comment_status":"closed","ping_status":"open","sticky":false,"template":"","format":"standard","meta":{"footnotes":""},"categories":[78,71],"tags":[2601],"class_list":["post-11851","post","type-post","status-publish","format-standard","has-post-thumbnail","hentry","category-bayern","category-menue","tag-mobilfunk"],"_links":{"self":[{"href":"https:\/\/www.frankensicht.de\/index.php?rest_route=\/wp\/v2\/posts\/11851","targetHints":{"allow":["GET"]}}],"collection":[{"href":"https:\/\/www.frankensicht.de\/index.php?rest_route=\/wp\/v2\/posts"}],"about":[{"href":"https:\/\/www.frankensicht.de\/index.php?rest_route=\/wp\/v2\/types\/post"}],"author":[{"embeddable":true,"href":"https:\/\/www.frankensicht.de\/index.php?rest_route=\/wp\/v2\/users\/7"}],"replies":[{"embeddable":true,"href":"https:\/\/www.frankensicht.de\/index.php?rest_route=%2Fwp%2Fv2%2Fcomments&post=11851"}],"version-history":[{"count":1,"href":"https:\/\/www.frankensicht.de\/index.php?rest_route=\/wp\/v2\/posts\/11851\/revisions"}],"predecessor-version":[{"id":11852,"href":"https:\/\/www.frankensicht.de\/index.php?rest_route=\/wp\/v2\/posts\/11851\/revisions\/11852"}],"wp:featuredmedia":[{"embeddable":true,"href":"https:\/\/www.frankensicht.de\/index.php?rest_route=\/wp\/v2\/media\/3002"}],"wp:attachment":[{"href":"https:\/\/www.frankensicht.de\/index.php?rest_route=%2Fwp%2Fv2%2Fmedia&parent=11851"}],"wp:term":[{"taxonomy":"category","embeddable":true,"href":"https:\/\/www.frankensicht.de\/index.php?rest_route=%2Fwp%2Fv2%2Fcategories&post=11851"},{"taxonomy":"post_tag","embeddable":true,"href":"https:\/\/www.frankensicht.de\/index.php?rest_route=%2Fwp%2Fv2%2Ftags&post=11851"}],"curies":[{"name":"wp","href":"https:\/\/api.w.org\/{rel}","templated":true}]}}