{"id":11849,"date":"2018-08-14T07:36:40","date_gmt":"2018-08-14T05:36:40","guid":{"rendered":"http:\/\/www.frankensicht.de\/?p=11849"},"modified":"2018-08-14T07:36:40","modified_gmt":"2018-08-14T05:36:40","slug":"bei-anruf-klimaschutz-neue-info-hotline-fuer-kommunen-eingerichtet","status":"publish","type":"post","link":"https:\/\/www.frankensicht.de\/?p=11849","title":{"rendered":"Bei Anruf Klimaschutz Neue Info-Hotline f\u00fcr Kommunen eingerichtet"},"content":{"rendered":"<p><span style=\"color: #ff0000;\">M\u00fcnchen:<\/span><\/p>\n<p>Huber: Bei Anruf Klimaschutz<br \/>\nNeue Info-Hotline f\u00fcr Kommunen eingerichtet<\/p>\n<p><a href=\"https:\/\/www.frankensicht.de\/?attachment_id=8920\" rel=\"attachment wp-att-8920\"><img loading=\"lazy\" decoding=\"async\" class=\"alignnone size-medium wp-image-8920\" src=\"https:\/\/www.frankensicht.de\/wp-content\/uploads\/2015\/08\/P1020624-300x225.jpg\" alt=\"\" width=\"300\" height=\"225\" srcset=\"https:\/\/www.frankensicht.de\/wp-content\/uploads\/2015\/08\/P1020624-300x225.jpg 300w, https:\/\/www.frankensicht.de\/wp-content\/uploads\/2015\/08\/P1020624.jpg 640w\" sizes=\"auto, (max-width: 300px) 100vw, 300px\" \/><\/a><\/p>\n<p>Klimaberatung ist f\u00fcr Kommunen zuk\u00fcnftig nur noch einen Anruf entfernt: Eine neue Hotline f\u00fcr Gemeinden und Landkreise steht ab jetzt f\u00fcr individuelle Informationen zur Verf\u00fcgung. Umweltminister Dr. Marcel Huber betonte zum Start: &#8222;Erfolgreicher Klimaschutz braucht viele Helfer. Nur gemeinsam kann Bayern klimasicher gemacht werden. Auch Kommunen stehen vor gro\u00dfen Herausforderungen. Klimaschutz und Anpassung an den Klimawandel k\u00f6nnen f\u00fcr Kommunen zum Erfolgsmodell werden. Deshalb hei\u00dft es jetzt: Bei Anruf Klimaschutz. Die Info-Hotline bietet in Zukunft einen sehr einfachen Weg, sich direkt \u00fcber die verschiedenen M\u00f6glichkeiten beim Klimaschutz vor Ort zu informieren.&#8220; Die Hotline wurde vom Bayerische Energieagenturen e.V. im Rahmen seiner Partnerschaft in der Bayerischen Klima-Allianz eingerichtet. Unter der kostenfreien Hotline stehen den Kommunen t\u00e4glich unabh\u00e4ngige und neutrale Experten f\u00fcr Fragen rund um Energie und Klimaschutz zur Verf\u00fcgung. &#8222;Wir sehen uns als Partner der bayerischen Kommunen in der Entwicklung von zukunftsf\u00e4higen L\u00f6sungen bez\u00fcglich Energie und Klimaschutz und freuen uns auf die weitere Zusammenarbeit&#8220;, sagt Ludwig Friedl, der Vorsitzende des Bayerischen Energieagenturen e. V.<\/p>\n<p>Bayern bleibt von den unvermeidbaren Ver\u00e4nderungen des Klimawandels nicht verschont. Zuk\u00fcnftig werden mehr extreme Wetterereignisse erwartet, nassere Winter und trockenere Sommer. Untersuchungen des Bayerischen Landesamtes f\u00fcr Umwelt belegen: Im Zeitraum von 1931 bis 2015 hat die Lufttemperatur in Bayern um 1,4 \u00b0C zugenommen. Die Folgen sind unter anderem eine zunehmende Hitzebelastung, eine Verl\u00e4ngerung der Vegetationsperiode um 26 Tage (1961 bis 2010), eine Ver\u00e4nderung von Tier- und Pflanzenarten, eine Ausbreitung neuer Arten wie der Tigerm\u00fccke oder ver\u00e4nderte Bedingungen f\u00fcr den Tourismus.<\/p>\n<p>Die Folgen dieser Entwicklungen zeigen ihre Auswirkungen in allen Bereichen des \u00f6ffentlichen Lebens &amp;ndash; vor allem auch auf kommunaler Ebene. Deshalb ergreift der Freistaat mit dem Klimaschutzprogramm Bayern 2050 umfassende Ma\u00dfnahmen. Ziel ist es, die j\u00e4hrlichen Treibhausgas-Emissionen in Bayern bis 2050 auf unter zwei Tonnen pro Einwohner zu senken.<\/p>\n<p>Der Bayerische Energieagenturen e.V. ist seit 2017 Mitglied der Bayerischen Klima-Allianz. Zweck des Vereins ist die F\u00f6rderung und die aktive Mitwirkung bei der Umsetzung der Energiewende in Bayern.<\/p>\n<p>Weitere Informationen zum Klimaschutz in Bayern unter www.klimaschutz.bayern.de<\/p>\n<p>Quelle: stmuv.bayern.de<\/p>\n","protected":false},"excerpt":{"rendered":"<p>M\u00fcnchen: Huber: Bei Anruf Klimaschutz Neue Info-Hotline f\u00fcr Kommunen eingerichtet Klimaberatung ist f\u00fcr Kommunen zuk\u00fcnftig nur noch einen Anruf entfernt: Eine neue Hotline f\u00fcr Gemeinden und Landkreise steht ab jetzt f\u00fcr individuelle Informationen zur Verf\u00fcgung. Umweltminister Dr. Marcel Huber betonte zum Start: &#8222;Erfolgreicher Klimaschutz braucht viele Helfer. Nur gemeinsam kann Bayern klimasicher gemacht werden. Auch [&hellip;]<\/p>\n","protected":false},"author":7,"featured_media":8920,"comment_status":"closed","ping_status":"open","sticky":false,"template":"","format":"standard","meta":{"footnotes":""},"categories":[78,71],"tags":[2600],"class_list":["post-11849","post","type-post","status-publish","format-standard","has-post-thumbnail","hentry","category-bayern","category-menue","tag-klimaschuft-hotline"],"_links":{"self":[{"href":"https:\/\/www.frankensicht.de\/index.php?rest_route=\/wp\/v2\/posts\/11849","targetHints":{"allow":["GET"]}}],"collection":[{"href":"https:\/\/www.frankensicht.de\/index.php?rest_route=\/wp\/v2\/posts"}],"about":[{"href":"https:\/\/www.frankensicht.de\/index.php?rest_route=\/wp\/v2\/types\/post"}],"author":[{"embeddable":true,"href":"https:\/\/www.frankensicht.de\/index.php?rest_route=\/wp\/v2\/users\/7"}],"replies":[{"embeddable":true,"href":"https:\/\/www.frankensicht.de\/index.php?rest_route=%2Fwp%2Fv2%2Fcomments&post=11849"}],"version-history":[{"count":1,"href":"https:\/\/www.frankensicht.de\/index.php?rest_route=\/wp\/v2\/posts\/11849\/revisions"}],"predecessor-version":[{"id":11850,"href":"https:\/\/www.frankensicht.de\/index.php?rest_route=\/wp\/v2\/posts\/11849\/revisions\/11850"}],"wp:featuredmedia":[{"embeddable":true,"href":"https:\/\/www.frankensicht.de\/index.php?rest_route=\/wp\/v2\/media\/8920"}],"wp:attachment":[{"href":"https:\/\/www.frankensicht.de\/index.php?rest_route=%2Fwp%2Fv2%2Fmedia&parent=11849"}],"wp:term":[{"taxonomy":"category","embeddable":true,"href":"https:\/\/www.frankensicht.de\/index.php?rest_route=%2Fwp%2Fv2%2Fcategories&post=11849"},{"taxonomy":"post_tag","embeddable":true,"href":"https:\/\/www.frankensicht.de\/index.php?rest_route=%2Fwp%2Fv2%2Ftags&post=11849"}],"curies":[{"name":"wp","href":"https:\/\/api.w.org\/{rel}","templated":true}]}}