{"id":11845,"date":"2018-08-11T08:05:30","date_gmt":"2018-08-11T06:05:30","guid":{"rendered":"http:\/\/www.frankensicht.de\/?p=11845"},"modified":"2018-08-11T08:05:30","modified_gmt":"2018-08-11T06:05:30","slug":"bund-laedt-erneut-laender-zu-gespraechen-nach-berlin-ein-erneute-bestandsaufnahme-zu-witterungsschaeden","status":"publish","type":"post","link":"https:\/\/www.frankensicht.de\/?p=11845","title":{"rendered":"Bund l\u00e4dt erneut L\u00e4nder zu Gespr\u00e4chen nach Berlin ein Erneute Bestandsaufnahme zu Witterungssch\u00e4den"},"content":{"rendered":"<p><span style=\"color: #ff0000;\">Berlin:<\/span><\/p>\n<p>Bund l\u00e4dt erneut L\u00e4nder zu Gespr\u00e4chen nach Berlin ein<br \/>\nErneute Bestandsaufnahme zu Witterungssch\u00e4den<\/p>\n<p>Das Bundesministerium f\u00fcr Ern\u00e4hrung und Landwirtschaft steht weiterhin mit den L\u00e4ndern in engem Austausch. Bewertet werden sollen die diesj\u00e4hrigen Witterungssch\u00e4den auf der Grundlage von Zahlen und Fakten, die die L\u00e4nder geliefert haben. Ziel ist es, entsprechende Hilfsm\u00f6glichkeiten zu pr\u00fcfen.<\/p>\n<p><a href=\"https:\/\/www.frankensicht.de\/?attachment_id=7574\" rel=\"attachment wp-att-7574\"><img loading=\"lazy\" decoding=\"async\" class=\"alignnone size-medium wp-image-7574\" src=\"https:\/\/www.frankensicht.de\/wp-content\/uploads\/2014\/09\/heu-300x225.jpg\" alt=\"\" width=\"300\" height=\"225\" srcset=\"https:\/\/www.frankensicht.de\/wp-content\/uploads\/2014\/09\/heu-300x225.jpg 300w, https:\/\/www.frankensicht.de\/wp-content\/uploads\/2014\/09\/heu.jpg 640w\" sizes=\"auto, (max-width: 300px) 100vw, 300px\" \/><\/a><\/p>\n<p>Auf Initiative von Bundeslandwirtschaftsministerin Julia Kl\u00f6ckner treffen sich Vertreter von Bund und L\u00e4ndern am 13. August 2018 erneut auf Arbeitsebene in Berlin. Bereits am 31. Juli fand ein Treffen statt, bei dem eine erste Bestandsaufnahme erfolgte. Das Bundesministerium f\u00fcr Ern\u00e4hrung und Landwirtschaft forderte die Bundesl\u00e4nder vergangene Woche auf, Sch\u00e4den und Hilfsprogramme zu melden. Ein Gro\u00dfteil der L\u00e4nder hat bereits Daten gemeldet, die nun ausgewertet werden k\u00f6nnen.<\/p>\n<p>Bundeslandwirtschaftsministerin Julia Kl\u00f6ckner steht auch mit der Europ\u00e4ischen Kommission in engem Austausch, damit den Landwirten schnell geholfen werden kann. Besonders f\u00fcr die viehhaltenden Betriebe muss die Futterversorgung sichergestellt werden. Dazu forderte Julia Kl\u00f6ckner ihre L\u00e4nderkollegen auf, Sch\u00e4den und Hilfsprogramme zu melden, damit das Landwirtschaftsministerium flankieren kann. Kl\u00f6ckner brachte einen Verordnungsentwurf auf den Weg, der den Bauern in den betroffenen Gebieten die Futternutzung von \u00f6kologischen Vorrangfl\u00e4chen mit Zwischenfruchtmischungen erm\u00f6glichen soll. Bereits vergangene Woche forderte sie EU-Kommissar Phil Hogan auf, im Rahmen des EU-Rechts alle M\u00f6glichkeiten zu nutzen, damit die von ihr auf den Weg gebrachte Regelung m\u00f6glichst einfach umgesetzt werden kann. Ziel ist es, das Futter der Tiere sicherzustellen.<\/p>\n<p>Quelle: bmel.bund.de<\/p>\n","protected":false},"excerpt":{"rendered":"<p>Berlin: Bund l\u00e4dt erneut L\u00e4nder zu Gespr\u00e4chen nach Berlin ein Erneute Bestandsaufnahme zu Witterungssch\u00e4den Das Bundesministerium f\u00fcr Ern\u00e4hrung und Landwirtschaft steht weiterhin mit den L\u00e4ndern in engem Austausch. Bewertet werden sollen die diesj\u00e4hrigen Witterungssch\u00e4den auf der Grundlage von Zahlen und Fakten, die die L\u00e4nder geliefert haben. Ziel ist es, entsprechende Hilfsm\u00f6glichkeiten zu pr\u00fcfen. Auf Initiative [&hellip;]<\/p>\n","protected":false},"author":7,"featured_media":7574,"comment_status":"closed","ping_status":"open","sticky":false,"template":"","format":"standard","meta":{"footnotes":""},"categories":[44,3],"tags":[2598],"class_list":["post-11845","post","type-post","status-publish","format-standard","has-post-thumbnail","hentry","category-deutschland-2","category-news","tag-wittersschaeden"],"_links":{"self":[{"href":"https:\/\/www.frankensicht.de\/index.php?rest_route=\/wp\/v2\/posts\/11845","targetHints":{"allow":["GET"]}}],"collection":[{"href":"https:\/\/www.frankensicht.de\/index.php?rest_route=\/wp\/v2\/posts"}],"about":[{"href":"https:\/\/www.frankensicht.de\/index.php?rest_route=\/wp\/v2\/types\/post"}],"author":[{"embeddable":true,"href":"https:\/\/www.frankensicht.de\/index.php?rest_route=\/wp\/v2\/users\/7"}],"replies":[{"embeddable":true,"href":"https:\/\/www.frankensicht.de\/index.php?rest_route=%2Fwp%2Fv2%2Fcomments&post=11845"}],"version-history":[{"count":1,"href":"https:\/\/www.frankensicht.de\/index.php?rest_route=\/wp\/v2\/posts\/11845\/revisions"}],"predecessor-version":[{"id":11846,"href":"https:\/\/www.frankensicht.de\/index.php?rest_route=\/wp\/v2\/posts\/11845\/revisions\/11846"}],"wp:featuredmedia":[{"embeddable":true,"href":"https:\/\/www.frankensicht.de\/index.php?rest_route=\/wp\/v2\/media\/7574"}],"wp:attachment":[{"href":"https:\/\/www.frankensicht.de\/index.php?rest_route=%2Fwp%2Fv2%2Fmedia&parent=11845"}],"wp:term":[{"taxonomy":"category","embeddable":true,"href":"https:\/\/www.frankensicht.de\/index.php?rest_route=%2Fwp%2Fv2%2Fcategories&post=11845"},{"taxonomy":"post_tag","embeddable":true,"href":"https:\/\/www.frankensicht.de\/index.php?rest_route=%2Fwp%2Fv2%2Ftags&post=11845"}],"curies":[{"name":"wp","href":"https:\/\/api.w.org\/{rel}","templated":true}]}}