{"id":11833,"date":"2018-08-08T07:50:41","date_gmt":"2018-08-08T05:50:41","guid":{"rendered":"http:\/\/www.frankensicht.de\/?p=11833"},"modified":"2018-08-08T07:53:46","modified_gmt":"2018-08-08T05:53:46","slug":"justizminister-bausback-nimmt-in-gerolzhofen-neues-archivgebaeude-der-schweinfurter-justiz-in-betrieb","status":"publish","type":"post","link":"https:\/\/www.frankensicht.de\/?p=11833","title":{"rendered":"Justizminister Bausback nimmt in Gerolzhofen neues Archivgeb\u00e4ude der Schweinfurter Justiz in Betrieb"},"content":{"rendered":"<p><span style=\"color: #ff0000;\">Gerolzhofen &#8211; Schweinfurt:<\/span><\/p>\n<p>Justizminister Bausback nimmt in Gerolzhofen neues Archivgeb\u00e4ude der Schweinfurter Justiz in Betrieb: &#8222;Wichtiger Tag f\u00fcr den Justizstandort Gerolzhofen und die Justiz in Schweinfurt \/ Neue Heimat f\u00fcr \u00fcber 2 Millionen Akten des Amtsgerichts, des Landgerichts und der Staatsanwaltschaft Schweinfurt!&#8220;<\/p>\n<p><a href=\"https:\/\/www.frankensicht.de\/?attachment_id=3276\" rel=\"attachment wp-att-3276\"><img loading=\"lazy\" decoding=\"async\" class=\"alignnone size-medium wp-image-3276\" src=\"https:\/\/www.frankensicht.de\/wp-content\/uploads\/2012\/07\/knast-300x225.png\" alt=\"\" width=\"300\" height=\"225\" srcset=\"https:\/\/www.frankensicht.de\/wp-content\/uploads\/2012\/07\/knast-300x225.png 300w, https:\/\/www.frankensicht.de\/wp-content\/uploads\/2012\/07\/knast.png 840w\" sizes=\"auto, (max-width: 300px) 100vw, 300px\" \/><\/a><\/p>\n<p>Bayerns Justizminister Prof. Dr. Winfried Bausback nimmt heute in Gerolz-hofen das neue Archivgeb\u00e4ude der Schweinfurter Justiz in Betrieb. Bausback in seiner Rede: &#8222;Heute ist ein wichtiger Tag f\u00fcr den Justizstandort Gerolzhofen und die Justiz in Schweinfurt. Wir sichern den Justizstandort Gerolzhofen langfristig und schaffen mit dem neuen Archivgeb\u00e4ude eine neue Heimat f\u00fcr die mehr als 2 Millionen Akten des Amtsgerichts, des Landgerichts und der Staatsanwaltschaft Schweinfurt. Hierf\u00fcr hat der Freistaat rund 2 Millionen Euro in die Hand genommen. Und ich muss sagen: Das Ergebnis kann sich sehen lassen!&#8220;<\/p>\n<p>Vor knapp zwei Jahren wurde mit den Umbauten begonnen. Jetzt bietet das Geb\u00e4ude auf einer Nutzfl\u00e4che von 1.622 Quadratmetern Platz f\u00fcr die sogenannten Grundakten und sonstigen wichtigen Dokumente der Schweinfurter Justiz, die trotz Einf\u00fchrung der elektronischen Akte und des elektronischen Rechtsverkehrs dauerhaft und sicher aufzubewahren sind. Um m\u00f6glichst viel Fl\u00e4che f\u00fcr die Aktenlagerung zu schaffen, wurde die kleinteilige Raumstruktur des ehemaligen Zweigstellengeb\u00e4udes aufgel\u00f6st. Es wurden W\u00e4nde herausgenommen und T\u00fcren versetzt. Da die gro\u00dffl\u00e4chigen Rollregistraturen mit einem enormen Gewicht die Geschossdecken belasten, waren auch umfangreiche statische Verst\u00e4rkungsma\u00dfnahmen erforderlich.<\/p>\n<p>Bausback wendet sich abschlie\u00dfend an alle Beteiligten, die an der Planung und Verwirklichung des Bauvorhabens beteiligt waren: &#8222;Ohne Ihre Unterst\u00fctzung w\u00e4re das Projekt nicht so z\u00fcgig realisierbar gewesen. Ihnen allen geb\u00fchrt daher mein herzlichster Dank! Mein besonderer Dank gilt Herrn Staatssekret\u00e4r Gerhard Eck, der sich in ganz besonderer Weise f\u00fcr die Realisierung dieses Bauvorhabens eingesetzt und dadurch dazu beigetragen hat, dass die Ma\u00dfnahme so rasch umgesetzt werden konnte. Bedanken m\u00f6chte ich mich aber auch bei denjenigen Angeh\u00f6rigen der Schweinfurter Justiz, die hier t\u00e4tig sein werden. Ich w\u00fcnsche Ihnen weiter eine gute und erfolgreiche Arbeit in der Rechtspflege.&#8220;<\/p>\n<p>Quelle:stmj.bayern.de<\/p>\n","protected":false},"excerpt":{"rendered":"<p>Gerolzhofen &#8211; Schweinfurt: Justizminister Bausback nimmt in Gerolzhofen neues Archivgeb\u00e4ude der Schweinfurter Justiz in Betrieb: &#8222;Wichtiger Tag f\u00fcr den Justizstandort Gerolzhofen und die Justiz in Schweinfurt \/ Neue Heimat f\u00fcr \u00fcber 2 Millionen Akten des Amtsgerichts, des Landgerichts und der Staatsanwaltschaft Schweinfurt!&#8220; Bayerns Justizminister Prof. Dr. Winfried Bausback nimmt heute in Gerolz-hofen das neue Archivgeb\u00e4ude [&hellip;]<\/p>\n","protected":false},"author":7,"featured_media":3276,"comment_status":"closed","ping_status":"open","sticky":false,"template":"","format":"standard","meta":{"footnotes":""},"categories":[78,71,89,84],"tags":[2594],"class_list":["post-11833","post","type-post","status-publish","format-standard","has-post-thumbnail","hentry","category-bayern","category-menue","category-schweinfurt-unterfranken","category-unterfranken","tag-archivgebaeude"],"_links":{"self":[{"href":"https:\/\/www.frankensicht.de\/index.php?rest_route=\/wp\/v2\/posts\/11833","targetHints":{"allow":["GET"]}}],"collection":[{"href":"https:\/\/www.frankensicht.de\/index.php?rest_route=\/wp\/v2\/posts"}],"about":[{"href":"https:\/\/www.frankensicht.de\/index.php?rest_route=\/wp\/v2\/types\/post"}],"author":[{"embeddable":true,"href":"https:\/\/www.frankensicht.de\/index.php?rest_route=\/wp\/v2\/users\/7"}],"replies":[{"embeddable":true,"href":"https:\/\/www.frankensicht.de\/index.php?rest_route=%2Fwp%2Fv2%2Fcomments&post=11833"}],"version-history":[{"count":2,"href":"https:\/\/www.frankensicht.de\/index.php?rest_route=\/wp\/v2\/posts\/11833\/revisions"}],"predecessor-version":[{"id":11835,"href":"https:\/\/www.frankensicht.de\/index.php?rest_route=\/wp\/v2\/posts\/11833\/revisions\/11835"}],"wp:featuredmedia":[{"embeddable":true,"href":"https:\/\/www.frankensicht.de\/index.php?rest_route=\/wp\/v2\/media\/3276"}],"wp:attachment":[{"href":"https:\/\/www.frankensicht.de\/index.php?rest_route=%2Fwp%2Fv2%2Fmedia&parent=11833"}],"wp:term":[{"taxonomy":"category","embeddable":true,"href":"https:\/\/www.frankensicht.de\/index.php?rest_route=%2Fwp%2Fv2%2Fcategories&post=11833"},{"taxonomy":"post_tag","embeddable":true,"href":"https:\/\/www.frankensicht.de\/index.php?rest_route=%2Fwp%2Fv2%2Ftags&post=11833"}],"curies":[{"name":"wp","href":"https:\/\/api.w.org\/{rel}","templated":true}]}}